{"id":99376,"date":"2025-02-19T05:00:00","date_gmt":"2025-02-19T08:00:00","guid":{"rendered":"https:\/\/tvc16.com\/portal\/?p=99376"},"modified":"2025-02-18T13:05:18","modified_gmt":"2025-02-18T16:05:18","slug":"bloco-pe-na-jaca-inaugura-carnaval-da-estacao-jaqueira-com-festa-democratica-e-sustentavel-em-petropolis-2","status":"publish","type":"post","link":"https:\/\/tvc16.com\/portal\/2025\/02\/19\/bloco-pe-na-jaca-inaugura-carnaval-da-estacao-jaqueira-com-festa-democratica-e-sustentavel-em-petropolis-2\/","title":{"rendered":"Bloco \u201cP\u00e9 na Jaca\u201d inaugura Carnaval da Esta\u00e7\u00e3o Jaqueira com festa democr\u00e1tica e sustent\u00e1vel em Petr\u00f3polis"},"content":{"rendered":"\n<p>A Esta\u00e7\u00e3o Jaqueira d\u00e1 in\u00edcio ao Carnaval de Petr\u00f3polis com o bloco \u201cP\u00e9 na Jaca\u201d, trazendo uma festa democr\u00e1tica, diversa e alinhada com a sustentabilidade. A primeira edi\u00e7\u00e3o ser\u00e1 realizada no s\u00e1bado, 22 de fevereiro, a partir das 14h, com acesso exclusivo para quem adquirir a camiseta oficial do bloco.<\/p>\n\n\n\n<p>As camisetas, que custam R$ 50,00, garantem a participa\u00e7\u00e3o na folia e d\u00e3o direito a uma feijoada especial (bebidas \u00e0 parte). As reservas podem ser feitas pelo telefone&nbsp;(21) 97205-2041, e a retirada acontece na sexta-feira, 21 de fevereiro, a partir das 18h. Al\u00e9m da camiseta, os participantes s\u00e3o convidados a complementar o look com adere\u00e7os feitos \u00e0 m\u00e3o e inspirados na fauna e flora, refor\u00e7ando a proposta do bloco.<\/p>\n\n\n\n<p>O evento pretende firmar a Esta\u00e7\u00e3o Jaqueira no calend\u00e1rio cultural de Petr\u00f3polis, aliando a celebra\u00e7\u00e3o do Carnaval \u00e0 valoriza\u00e7\u00e3o da diversidade e \u00e0 conscientiza\u00e7\u00e3o ambiental. A escolha do local refor\u00e7a a import\u00e2ncia da iniciativa, j\u00e1 que a regi\u00e3o foi uma das mais afetadas pela trag\u00e9dia de 2011.<\/p>\n\n\n\n<p>O bloco \u00e9 assinado por Carlos Feij\u00f3, artista pl\u00e1stico e pesquisador do Carnaval e das manifesta\u00e7\u00f5es culturais dos anos 80. Feij\u00f3 j\u00e1 exp\u00f4s no Museu de Arte Moderna (MAM), no Rio de Janeiro, e no Museu das M\u00e1scaras, na B\u00e9lgica, al\u00e9m de ser autor do livro \u201cArtes\u00e3os da Sapuca\u00ed\u201d, que documenta a trajet\u00f3ria dos mais representativos artes\u00e3os do Carnaval, respons\u00e1veis pelas diversas categorias de trabalho nas escolas de samba. \u201cA Jaqueira j\u00e1 tem essa preocupa\u00e7\u00e3o ambiental, e eu quis trazer isso para o Carnaval com adere\u00e7os inspirados na fauna e flora, inserindo o bloco no calend\u00e1rio da cidade. \u00c9 um recado. No Rio, as demandas dos blocos s\u00e3o outras, mas aqui, pela \u00e1rea devastada em que estamos, \u00e9 muito pertinente termos esse vi\u00e9s\u201d, ressalta Feij\u00f3.<\/p>\n\n\n\n<p>A identidade visual do bloco ficou a cargo do ilustrador Jo\u00e3o Vitor do Prado, jovem morador do Vale do Cuiab\u00e1 e integrante da Cer\u00e2mica Luiz Salvador, que transita entre o graffiti, a ilustra\u00e7\u00e3o digital e a cer\u00e2mica. \u201cQuis representar o espa\u00e7o de forma descontra\u00edda, utilizando a express\u00e3o bastante conhecida, \u2018p\u00e9 na jaca\u2019, al\u00e9m de cores vibrantes para simbolizar o Carnaval\u201d, explica.<\/p>\n\n\n\n<p>A festa contar\u00e1 com a participa\u00e7\u00e3o especial da cantora perform\u00e1tica, compositora, atriz e psicanalista Numa Ciro, conhecida por seus \u201cmon\u00f3logos cantantes\u201d e pelo \u00e1lbum Numa (2020), produzido por Lan Lanh. Durante o evento, ela interpretar\u00e1 alguns frevos de sua autoria.&nbsp;<\/p>\n\n\n\n<p>\u201cVou contemplar a Esta\u00e7\u00e3o Jaqueira e tudo o que envolve este significante: a jaqueira: a for\u00e7a da \u00e1rvore, sua resili\u00eancia, resist\u00eancia, beleza e a d\u00e1diva de nos fornecer um fruto maravilhoso. Al\u00e9m disso, a terra, a \u00e1gua, as pessoas, os brincantes, a m\u00fasica e a poesia estar\u00e3o representados\u201d, comenta a artista de Campina Grande, Para\u00edba, e moradora do Rio.<\/p>\n\n\n\n<p>O evento tamb\u00e9m ter\u00e1 a presen\u00e7a do grupo Quilosamba, formado por m\u00fasicos do Quilombo da Tapera. O coletivo, que representa a resist\u00eancia cultural da comunidade quilombola local, conduzir\u00e1 a roda de samba. \u201c\u00c9 muito importante destacar essa conex\u00e3o com o Quilombo, porque o samba nasce da resist\u00eancia. Estamos trazendo um grupo jovem e talentoso, formado por integrantes da regi\u00e3o\u201d, ressalta Feij\u00f3.<\/p>\n\n\n\n<p>Al\u00e9m disso, o p\u00fablico \u00e9 convidado a participar ativamente: m\u00fasicos e amantes do samba podem levar seus instrumentos e integrar a roda.&nbsp;<\/p>\n\n\n\n<p><strong>Servi\u00e7o &#8211; Bloco \u201cP\u00e9 na Jaca\u201d na Esta\u00e7\u00e3o Jaqueira<\/strong><strong>Local:&nbsp;<\/strong>Esta\u00e7\u00e3o Jaqueira \u2013 Estr. Min. Salgado Filho, 2781, Cuiab\u00e1, Petr\u00f3polis<br><strong>Data:<\/strong>&nbsp;22 de fevereiro (s\u00e1bado)<br><strong>Hor\u00e1rio:&nbsp;<\/strong>A partir das 14h<br><strong>Ingresso:&nbsp;<\/strong>Camiseta oficial do bloco (R$ 50,00, com direito \u00e0 feijoada. Bebidas \u00e0 parte)<br><strong>Reservas:<\/strong>&nbsp;(21) 97205-2041<\/p>\n\n\n\n<p>Foto: divulga\u00e7\u00e3o<\/p>\n","protected":false},"excerpt":{"rendered":"<p>A Esta\u00e7\u00e3o Jaqueira d\u00e1 in\u00edcio ao Carnaval de Petr\u00f3polis com o bloco \u201cP\u00e9 na Jaca\u201d,<\/p>\n","protected":false},"author":2,"featured_media":99377,"comment_status":"open","ping_status":"open","sticky":false,"template":"","format":"standard","meta":{"footnotes":""},"categories":[12],"tags":[],"class_list":["post-99376","post","type-post","status-publish","format-standard","has-post-thumbnail","hentry","category-cidade"],"_links":{"self":[{"href":"https:\/\/tvc16.com\/portal\/wp-json\/wp\/v2\/posts\/99376","targetHints":{"allow":["GET"]}}],"collection":[{"href":"https:\/\/tvc16.com\/portal\/wp-json\/wp\/v2\/posts"}],"about":[{"href":"https:\/\/tvc16.com\/portal\/wp-json\/wp\/v2\/types\/post"}],"author":[{"embeddable":true,"href":"https:\/\/tvc16.com\/portal\/wp-json\/wp\/v2\/users\/2"}],"replies":[{"embeddable":true,"href":"https:\/\/tvc16.com\/portal\/wp-json\/wp\/v2\/comments?post=99376"}],"version-history":[{"count":1,"href":"https:\/\/tvc16.com\/portal\/wp-json\/wp\/v2\/posts\/99376\/revisions"}],"predecessor-version":[{"id":99378,"href":"https:\/\/tvc16.com\/portal\/wp-json\/wp\/v2\/posts\/99376\/revisions\/99378"}],"wp:featuredmedia":[{"embeddable":true,"href":"https:\/\/tvc16.com\/portal\/wp-json\/wp\/v2\/media\/99377"}],"wp:attachment":[{"href":"https:\/\/tvc16.com\/portal\/wp-json\/wp\/v2\/media?parent=99376"}],"wp:term":[{"taxonomy":"category","embeddable":true,"href":"https:\/\/tvc16.com\/portal\/wp-json\/wp\/v2\/categories?post=99376"},{"taxonomy":"post_tag","embeddable":true,"href":"https:\/\/tvc16.com\/portal\/wp-json\/wp\/v2\/tags?post=99376"}],"curies":[{"name":"wp","href":"https:\/\/api.w.org\/{rel}","templated":true}]}}