{"id":99379,"date":"2025-02-19T05:00:00","date_gmt":"2025-02-19T08:00:00","guid":{"rendered":"https:\/\/tvc16.com\/portal\/?p=99379"},"modified":"2025-02-18T13:08:24","modified_gmt":"2025-02-18T16:08:24","slug":"detran-rj-promove-mutirao-em-resende-neste-sabado-22-2-para-emissao-de-carteiras-de-identidade","status":"publish","type":"post","link":"https:\/\/tvc16.com\/portal\/2025\/02\/19\/detran-rj-promove-mutirao-em-resende-neste-sabado-22-2-para-emissao-de-carteiras-de-identidade\/","title":{"rendered":"Detran.RJ promove mutir\u00e3o em Resende, neste s\u00e1bado (22\/2), para emiss\u00e3o de carteiras de identidade"},"content":{"rendered":"\n<p>O Detran.RJ vai realizar neste s\u00e1bado, dia 22 de fevereiro, um mutir\u00e3o especial para emiss\u00e3o de carteiras de identidade no munic\u00edpio de Resende, no Sul do Estado. O atendimento vai acontecer das 10h \u00e0s 16h, por ordem de chegada, com distribui\u00e7\u00e3o de senhas, n\u00e3o sendo necess\u00e1rio agendamento para a realiza\u00e7\u00e3o do servi\u00e7o.<\/p>\n\n\n\n<p>Os interessados devem comparecer ao posto de identifica\u00e7\u00e3o civil, localizado na Av. Dorival Marcondes de Godoy, 500 &#8211; lojas 1111 \u00e0 1115, no Shopping P\u00e1tio Mix.<\/p>\n\n\n\n<p>O cidad\u00e3o dever\u00e1 levar a certid\u00e3o de nascimento ou casamento (original ou c\u00f3pia autenticada) e o n\u00famero de inscri\u00e7\u00e3o no CPF. Quem n\u00e3o tiver CPF pode tirar o documento pelo site da Receita Federal ou em unidades conveniadas como Banco do Brasil, Caixa Econ\u00f4mica Federal, Correios e cart\u00f3rios de Registro Civil.<\/p>\n\n\n\n<p>O mutir\u00e3o aos s\u00e1bados facilita a vida dos usu\u00e1rios que trabalham em hor\u00e1rio comercial e n\u00e3o t\u00eam tempo de comparecer aos postos do Detran.RJ durante a semana. Tem o objetivo, tamb\u00e9m, de ajudar quem est\u00e1 com a documenta\u00e7\u00e3o vencida ou precisa tirar segunda via para viajar no feriad\u00e3o ou apresentar em entrevista de emprego.<\/p>\n\n\n\n<p>Fotos: Alexandre Simonini\/Detran.RJ<\/p>\n","protected":false},"excerpt":{"rendered":"<p>O Detran.RJ vai realizar neste s\u00e1bado, dia 22 de fevereiro, um mutir\u00e3o especial para emiss\u00e3o<\/p>\n","protected":false},"author":2,"featured_media":99380,"comment_status":"open","ping_status":"open","sticky":false,"template":"","format":"standard","meta":{"footnotes":""},"categories":[17],"tags":[],"class_list":["post-99379","post","type-post","status-publish","format-standard","has-post-thumbnail","hentry","category-outras-noticias"],"_links":{"self":[{"href":"https:\/\/tvc16.com\/portal\/wp-json\/wp\/v2\/posts\/99379","targetHints":{"allow":["GET"]}}],"collection":[{"href":"https:\/\/tvc16.com\/portal\/wp-json\/wp\/v2\/posts"}],"about":[{"href":"https:\/\/tvc16.com\/portal\/wp-json\/wp\/v2\/types\/post"}],"author":[{"embeddable":true,"href":"https:\/\/tvc16.com\/portal\/wp-json\/wp\/v2\/users\/2"}],"replies":[{"embeddable":true,"href":"https:\/\/tvc16.com\/portal\/wp-json\/wp\/v2\/comments?post=99379"}],"version-history":[{"count":1,"href":"https:\/\/tvc16.com\/portal\/wp-json\/wp\/v2\/posts\/99379\/revisions"}],"predecessor-version":[{"id":99381,"href":"https:\/\/tvc16.com\/portal\/wp-json\/wp\/v2\/posts\/99379\/revisions\/99381"}],"wp:featuredmedia":[{"embeddable":true,"href":"https:\/\/tvc16.com\/portal\/wp-json\/wp\/v2\/media\/99380"}],"wp:attachment":[{"href":"https:\/\/tvc16.com\/portal\/wp-json\/wp\/v2\/media?parent=99379"}],"wp:term":[{"taxonomy":"category","embeddable":true,"href":"https:\/\/tvc16.com\/portal\/wp-json\/wp\/v2\/categories?post=99379"},{"taxonomy":"post_tag","embeddable":true,"href":"https:\/\/tvc16.com\/portal\/wp-json\/wp\/v2\/tags?post=99379"}],"curies":[{"name":"wp","href":"https:\/\/api.w.org\/{rel}","templated":true}]}}