{"id":99386,"date":"2025-02-19T05:00:00","date_gmt":"2025-02-19T08:00:00","guid":{"rendered":"https:\/\/tvc16.com\/portal\/?p=99386"},"modified":"2025-02-18T14:14:19","modified_gmt":"2025-02-18T17:14:19","slug":"alerta-tendencia-boho-chic-esta-em-alta","status":"publish","type":"post","link":"https:\/\/tvc16.com\/portal\/2025\/02\/19\/alerta-tendencia-boho-chic-esta-em-alta\/","title":{"rendered":"Alerta tend\u00eancia: boho chic est\u00e1 em alta"},"content":{"rendered":"\n<p><em>Marcas da Rua Teresa oferecem diversidade para todos os gostos<\/em><\/p>\n\n\n\n<p>O calor tem levado consumidores para a Rua Teresa em busca de roupas mais leves e dos destaques das promo\u00e7\u00f5es. Mas, outra tend\u00eancia que vem chamando aten\u00e7\u00e3o tem sido a &#8220;Boho Chic&#8221;, que come\u00e7ou em 2000 e voltou com tudo em 2025. O estilo \u00e9 conhecido por combinar elementos bo\u00eamios e sofisticados, estampas \u00e9tnicas e acess\u00f3rios artesanais. Confira no&nbsp;<a rel=\"noreferrer noopener\" target=\"_blank\" href=\"https:\/\/na01.safelinks.protection.outlook.com\/?url=https%3A%2F%2Fwww.instagram.com%2Fp%2FDGInYbpI3L8%2F%3Figsh%3DMTl4dzU2enBveXpnZw%3D%3D&amp;data=05%7C02%7C%7C5647035d0ba94d2ea5d208dd50386186%7C84df9e7fe9f640afb435aaaaaaaaaaaa%7C1%7C0%7C638754925279912126%7CUnknown%7CTWFpbGZsb3d8eyJFbXB0eU1hcGkiOnRydWUsIlYiOiIwLjAuMDAwMCIsIlAiOiJXaW4zMiIsIkFOIjoiTWFpbCIsIldUIjoyfQ%3D%3D%7C0%7C%7C%7C&amp;sdata=EcyLBw7nBJpJi%2FO4oKGybRVF27hpod9FR3cihjFVFPg%3D&amp;reserved=0\">Instagram<\/a>.<\/p>\n\n\n\n<p>\u201c\u00c9 um visual descontra\u00eddo, leve e confort\u00e1vel. Tecidos esvoa\u00e7antes, franjas e estampas que mostram romantismo e, \u00e0s vezes, um visual vintage\u201d, diz a presidente da ARTE &#8211; Associa\u00e7\u00e3o da Rua Teresa &#8211; Denise Fiorini.<\/p>\n\n\n\n<p>Vestidos longos, acess\u00f3rios de couro tran\u00e7ados e estampas diversas tamb\u00e9m se enquadram no estilo boho. \u201cO estilo ganhou notoriedade nos anos 70, embalado pelos festivais de m\u00fasica e com a imagem de liberdade. Hoje, mostra a import\u00e2ncia das combina\u00e7\u00f5es leves principalmente nos dias mais quentes\u201d, completa Denise.&nbsp;<\/p>\n\n\n\n<p>Artesanato e sustentabilidade ganham destaque com pe\u00e7as \u00fanicas e coloridas, exaltando a eleg\u00e2ncia dos bordados e pe\u00e7as mais soltas. Nos acess\u00f3rios, aposte em colares longos, pulseiras de contas e brincos grandes, sem deixar de lado os an\u00e9is descolados. Bolsas com franja e cintos com fivelas marcam as combina\u00e7\u00f5es.&nbsp;<\/p>\n\n\n\n<p>\u201cVale salientar que \u00e9 poss\u00edvel encontrar nas lojas da Rua Teresa v\u00e1rios estilos, al\u00e9m do boho chic. A dica \u00e9 aproveitar o tempo bom para visitar o polo de moda e aproveitar os destaques do ver\u00e3o\u201d, convida Denise Fiorini.<\/p>\n\n\n\n<p>As novidades e programa\u00e7\u00f5es especiais da Rua Teresa podem ser conferidas no\u00a0<a href=\"https:\/\/na01.safelinks.protection.outlook.com\/?url=https%3A%2F%2Fwww.instagram.com%2Fp%2FDGInYbpI3L8%2F%3Figsh%3DMTl4dzU2enBveXpnZw%3D%3D&amp;data=05%7C02%7C%7C5647035d0ba94d2ea5d208dd50386186%7C84df9e7fe9f640afb435aaaaaaaaaaaa%7C1%7C0%7C638754925279929565%7CUnknown%7CTWFpbGZsb3d8eyJFbXB0eU1hcGkiOnRydWUsIlYiOiIwLjAuMDAwMCIsIlAiOiJXaW4zMiIsIkFOIjoiTWFpbCIsIldUIjoyfQ%3D%3D%7C0%7C%7C%7C&amp;sdata=%2Fj9wO9seqy63t%2BU7lHw4l4RVjv0jmKdZYCSGTuJ1XYQ%3D&amp;reserved=0\" target=\"_blank\" rel=\"noreferrer noopener\">Instagram oficial<\/a>.<\/p>\n\n\n\n<p>Foto: divulga\u00e7\u00e3o <\/p>\n","protected":false},"excerpt":{"rendered":"<p>Marcas da Rua Teresa oferecem diversidade para todos os gostos O calor tem levado consumidores<\/p>\n","protected":false},"author":2,"featured_media":99387,"comment_status":"open","ping_status":"open","sticky":false,"template":"","format":"standard","meta":{"footnotes":""},"categories":[12],"tags":[],"class_list":["post-99386","post","type-post","status-publish","format-standard","has-post-thumbnail","hentry","category-cidade"],"_links":{"self":[{"href":"https:\/\/tvc16.com\/portal\/wp-json\/wp\/v2\/posts\/99386","targetHints":{"allow":["GET"]}}],"collection":[{"href":"https:\/\/tvc16.com\/portal\/wp-json\/wp\/v2\/posts"}],"about":[{"href":"https:\/\/tvc16.com\/portal\/wp-json\/wp\/v2\/types\/post"}],"author":[{"embeddable":true,"href":"https:\/\/tvc16.com\/portal\/wp-json\/wp\/v2\/users\/2"}],"replies":[{"embeddable":true,"href":"https:\/\/tvc16.com\/portal\/wp-json\/wp\/v2\/comments?post=99386"}],"version-history":[{"count":1,"href":"https:\/\/tvc16.com\/portal\/wp-json\/wp\/v2\/posts\/99386\/revisions"}],"predecessor-version":[{"id":99388,"href":"https:\/\/tvc16.com\/portal\/wp-json\/wp\/v2\/posts\/99386\/revisions\/99388"}],"wp:featuredmedia":[{"embeddable":true,"href":"https:\/\/tvc16.com\/portal\/wp-json\/wp\/v2\/media\/99387"}],"wp:attachment":[{"href":"https:\/\/tvc16.com\/portal\/wp-json\/wp\/v2\/media?parent=99386"}],"wp:term":[{"taxonomy":"category","embeddable":true,"href":"https:\/\/tvc16.com\/portal\/wp-json\/wp\/v2\/categories?post=99386"},{"taxonomy":"post_tag","embeddable":true,"href":"https:\/\/tvc16.com\/portal\/wp-json\/wp\/v2\/tags?post=99386"}],"curies":[{"name":"wp","href":"https:\/\/api.w.org\/{rel}","templated":true}]}}