{"id":99389,"date":"2025-02-19T05:00:00","date_gmt":"2025-02-19T08:00:00","guid":{"rendered":"https:\/\/tvc16.com\/portal\/?p=99389"},"modified":"2025-02-18T15:24:44","modified_gmt":"2025-02-18T18:24:44","slug":"canil-da-guarda-civil-de-petropolis-se-consolida-como-politica-publica-de-seguranca-e-inclusao-social","status":"publish","type":"post","link":"https:\/\/tvc16.com\/portal\/2025\/02\/19\/canil-da-guarda-civil-de-petropolis-se-consolida-como-politica-publica-de-seguranca-e-inclusao-social\/","title":{"rendered":"Canil da Guarda Civil de Petr\u00f3polis se consolida como pol\u00edtica p\u00fablica de seguran\u00e7a e inclus\u00e3o social"},"content":{"rendered":"\n<p>O Canil Rufus Von Kru Gdorf, da Guarda Civil Municipal de Petr\u00f3polis, tem atuado em a\u00e7\u00f5es integradas com institui\u00e7\u00f5es de seguran\u00e7a do munic\u00edpio, como a Secretaria de Servi\u00e7os, Seguran\u00e7a e Ordem P\u00fablica (SSOP), Pol\u00edcia Militar e Pol\u00edcia Civil. Na \u00faltima semana, o grupamento participou de uma abordagem na Rua Dom Pedro, centro da cidade, que culminou na pris\u00e3o de um indiv\u00edduo por tr\u00e1fico de drogas e na apreens\u00e3o de menores em situa\u00e7\u00e3o de consumo de entorpecentes. A a\u00e7\u00e3o refor\u00e7ou o papel estrat\u00e9gico dos c\u00e3es na identifica\u00e7\u00e3o de il\u00edcitos e no apoio t\u00e1tico \u00e0s for\u00e7as de seguran\u00e7a.<\/p>\n\n\n\n<p>Al\u00e9m das opera\u00e7\u00f5es repressivas, os animais est\u00e3o integrados ao projeto Pra\u00e7a do Bem, iniciativa que atua nos finais de semana, durante as madrugadas, em pontos cr\u00edticos de aglomera\u00e7\u00e3o e uso de drogas. O objetivo \u00e9 coibir atividades ilegais e garantir o ordenamento urbano, com patrulhamento ostensivo e uso de c\u00e3es treinados para detectar subst\u00e2ncias entorpecentes.<\/p>\n\n\n\n<p>Dentro do trabalho do canil ainda existe um animal dedicado \u00e0 cinoterapia, oferecendo apoio e carinho a diversas pessoas por meio da terapia assistida por c\u00e3es. Suas atividades incluem visitas a asilos, creches e escolas, onde auxilia idosos e crian\u00e7as com necessidades especiais, proporcionando bem-estar e est\u00edmulo emocional.<\/p>\n\n\n\n<p>Lei sancionada pelo prefeito Hingo Hammes<\/p>\n\n\n\n<p>Em novembro de 2021, durante a gest\u00e3o interina do prefeito Hingo Hammes, o canil foi oficializado como pol\u00edtica p\u00fablica por meio da Lei Municipal n\u00ba 8.756\/2021, sancionada ap\u00f3s aprova\u00e7\u00e3o un\u00e2nime na C\u00e2mara de Vereadores. A medida garantiu respaldo jur\u00eddico \u00e0s atividades iniciadas em 2016, assegurando sua manuten\u00e7\u00e3o independentemente de mudan\u00e7as administrativas.<\/p>\n\n\n\n<p>\u201cN\u00e3o \u00e9 segredo que o Grupamento de Opera\u00e7\u00f5es com C\u00e3es \u00e9 o projeto pelo qual tenho maior carinho entre os desenvolvidos pela nossa Guarda Civil. Acompanhei pessoalmente, desde a C\u00e2mara de Vereadores, todo o processo de oficializa\u00e7\u00e3o do canil, pois entendia a urg\u00eancia de transformar essa iniciativa em pol\u00edtica p\u00fablica. A san\u00e7\u00e3o dessa lei n\u00e3o apenas legitimou anos de trabalho, mas garantiu que as opera\u00e7\u00f5es com os c\u00e3es continuassem salvando vidas e protegendo nossa comunidade, independentemente de mudan\u00e7as administrativas\u201d, afirmou o prefeito Hingo Hammes<\/p>\n\n\n\n<p>Marcelo Chit\u00e3o, secret\u00e1rio da SSOP, refor\u00e7ou a import\u00e2ncia das m\u00faltiplas frentes de atua\u00e7\u00e3o. \u201cOs resultados que vimos nas ruas comprovam que investir em tecnologia e capacita\u00e7\u00e3o canina \u00e9 investir em preven\u00e7\u00e3o. Esses c\u00e3es s\u00e3o agentes de transforma\u00e7\u00e3o e s\u00e3o parte essencial da identidade da seguran\u00e7a da cidade. Vale destacar ainda que os c\u00e3es n\u00e3o s\u00f3 localizam drogas e armas, como tamb\u00e9m desempenham fun\u00e7\u00f5es sociais, como a cinoterapia, por exemplo\u201d.<\/p>\n\n\n\n<p>Perfil operacional dos c\u00e3es<\/p>\n\n\n\n<p>O Grupamento de Opera\u00e7\u00f5es com C\u00e3es conta com cinco animais, cada um com fun\u00e7\u00f5es espec\u00edficas:<\/p>\n\n\n\n<p>Jujuba (Golden Retriever, 8 anos):<\/p>\n\n\n\n<p>Atua em cinoterapia, realizando visitas a asilos, creches e escolas do munic\u00edpio. Auxilia idosos e crian\u00e7as com necessidades especiais, incluindo atividades no Centro Hist\u00f3rico.<\/p>\n\n\n\n<p>Chico (Golden Retriever, 8 anos):<\/p>\n\n\n\n<p>Especializado em detec\u00e7\u00e3o de entorpecentes, armas e muni\u00e7\u00f5es. Participou de mais de 50 opera\u00e7\u00f5es, com resultados positivos em 90% das buscas. Em 2022, representou Petr\u00f3polis no Campeonato Brasileiro de C\u00e3es de Faro Policial, em Limeira (SP), alcan\u00e7ando a 10\u00aa coloca\u00e7\u00e3o nacional.<\/p>\n\n\n\n<p>Kira (Pastor Belga Malinois, 2 anos):<\/p>\n\n\n\n<p>Se dedica exclusivamente \u00e0 identifica\u00e7\u00e3o de drogas, com \u00eanfase em opera\u00e7\u00f5es noturnas e de grande escala.<\/p>\n\n\n\n<p>Shiva (Pastor Belga Malinois, 2 anos):<\/p>\n\n\n\n<p>Tamb\u00e9m focada em detec\u00e7\u00e3o de entorpecentes, se destacou no Campeonato de C\u00e3es de Pol\u00edcia de Barra Mansa, em 2023, ocupando a 6\u00aa posi\u00e7\u00e3o.<\/p>\n\n\n\n<p>Iron (Pastor Belga Malinois, 2 anos):<\/p>\n\n\n\n<p>Em fase avan\u00e7ada de treinamento para localiza\u00e7\u00e3o de cad\u00e1veres, com previs\u00e3o de integra\u00e7\u00e3o a opera\u00e7\u00f5es de busca e salvamento.<\/p>\n\n\n\n<p>Sobre o Canil Rufus Von Kru Gdorf<\/p>\n\n\n\n<p>Subordinado \u00e0 SSOP, o canil opera desde 2016 com foco em seguran\u00e7a p\u00fablica, a\u00e7\u00f5es sociais e preven\u00e7\u00e3o. Com a san\u00e7\u00e3o da Lei 8.756\/2021, se tornou a primeira unidade K9 do estado reconhecida como pol\u00edtica p\u00fablica permanente.<\/p>\n","protected":false},"excerpt":{"rendered":"<p>O Canil Rufus Von Kru Gdorf, da Guarda Civil Municipal de Petr\u00f3polis, tem atuado em<\/p>\n","protected":false},"author":2,"featured_media":99390,"comment_status":"open","ping_status":"open","sticky":false,"template":"","format":"standard","meta":{"footnotes":""},"categories":[12],"tags":[],"class_list":["post-99389","post","type-post","status-publish","format-standard","has-post-thumbnail","hentry","category-cidade"],"_links":{"self":[{"href":"https:\/\/tvc16.com\/portal\/wp-json\/wp\/v2\/posts\/99389","targetHints":{"allow":["GET"]}}],"collection":[{"href":"https:\/\/tvc16.com\/portal\/wp-json\/wp\/v2\/posts"}],"about":[{"href":"https:\/\/tvc16.com\/portal\/wp-json\/wp\/v2\/types\/post"}],"author":[{"embeddable":true,"href":"https:\/\/tvc16.com\/portal\/wp-json\/wp\/v2\/users\/2"}],"replies":[{"embeddable":true,"href":"https:\/\/tvc16.com\/portal\/wp-json\/wp\/v2\/comments?post=99389"}],"version-history":[{"count":1,"href":"https:\/\/tvc16.com\/portal\/wp-json\/wp\/v2\/posts\/99389\/revisions"}],"predecessor-version":[{"id":99391,"href":"https:\/\/tvc16.com\/portal\/wp-json\/wp\/v2\/posts\/99389\/revisions\/99391"}],"wp:featuredmedia":[{"embeddable":true,"href":"https:\/\/tvc16.com\/portal\/wp-json\/wp\/v2\/media\/99390"}],"wp:attachment":[{"href":"https:\/\/tvc16.com\/portal\/wp-json\/wp\/v2\/media?parent=99389"}],"wp:term":[{"taxonomy":"category","embeddable":true,"href":"https:\/\/tvc16.com\/portal\/wp-json\/wp\/v2\/categories?post=99389"},{"taxonomy":"post_tag","embeddable":true,"href":"https:\/\/tvc16.com\/portal\/wp-json\/wp\/v2\/tags?post=99389"}],"curies":[{"name":"wp","href":"https:\/\/api.w.org\/{rel}","templated":true}]}}