{"id":9939,"date":"2021-01-28T07:40:23","date_gmt":"2021-01-28T10:40:23","guid":{"rendered":"https:\/\/tvc16.com\/portal\/?p=9939"},"modified":"2021-01-28T07:40:24","modified_gmt":"2021-01-28T10:40:24","slug":"camara-municipal-de-petropolis-ira-providenciar-a-cessao-de-um-de-seus-veiculos-oficiais-para-que-a-secretaria-de-defesa-civil-nao-deixe-de-atender-ocorrencias-entrega-de-medicamentos-e-questoes-admi","status":"publish","type":"post","link":"https:\/\/tvc16.com\/portal\/2021\/01\/28\/camara-municipal-de-petropolis-ira-providenciar-a-cessao-de-um-de-seus-veiculos-oficiais-para-que-a-secretaria-de-defesa-civil-nao-deixe-de-atender-ocorrencias-entrega-de-medicamentos-e-questoes-admi\/","title":{"rendered":"C\u00e2mara Municipal de Petr\u00f3polis ir\u00e1 providenciar a cess\u00e3o de um de seus ve\u00edculos oficiais para que a Secretaria de Defesa Civil n\u00e3o deixe de atender ocorr\u00eancias, entrega de medicamentos e quest\u00f5es administrativas"},"content":{"rendered":"\n<p>O Presidente da C\u00e2mara de Vereadores, Fred Proc\u00f3pio (PL), se reuniu com o Secret\u00e1rio de Defesa Civil, Gil Kempers, e os vereadores Yuri Moura (PSOL), Junior Paix\u00e3o (DC) e Domingos Protetor (PSC), para debater sobre a reforma do Plano Diretor, a proposta de reforma administrativa da Secretaria de Defesa Civil, o aluguel social e melhorias para a mobilidade da Defesa Civil em Petr\u00f3polis.<\/p>\n\n\n\n<p>Com rela\u00e7\u00e3o ao \u00faltimo tema acima, o presidente Fred Proc\u00f3pio, destacou que a Casa ir\u00e1 providenciar a cess\u00e3o de um de seus ve\u00edculos oficiais para que a Secretaria de Defesa Civil n\u00e3o deixe de atender ocorr\u00eancias, entrega de medicamentos e quest\u00f5es administrativas.<\/p>\n\n\n\n<p>O Presidente informou que ir\u00e1 alinhar uma agenda com o Prefeito Interino Hingo Hammes, o secret\u00e1rio, a Assist\u00eancia Social, Meio Ambiente e Obras, com a participa\u00e7\u00e3o da C\u00e2mara, para tentar unificar o sistema do aluguel social na cidade e torn\u00e1-lo mais \u00e1gil.&nbsp; &nbsp; &nbsp; &nbsp; &nbsp; O vereador Yuri Moura \u00e9 o parlamentar que estar\u00e1 \u00e0 frente do projeto, propondo a cria\u00e7\u00e3o de uma comiss\u00e3o especial para rever o plano de habita\u00e7\u00e3o de interesse social. \u201cA partir desta unifica\u00e7\u00e3o dos mapeamentos vamos conseguir abrir caminho para mudar a pol\u00edtica de moradia popular na cidade. A inten\u00e7\u00e3o \u00e9 n\u00e3o depender somente de grandes condom\u00ednios, mas, sim, de um plano permanente, que acompanhe as fam\u00edlias e d\u00ea conta das demandas a curto, m\u00e9dio e longo prazo\u201d, finaliza Yuri Moura.&nbsp; &nbsp;&nbsp;<\/p>\n","protected":false},"excerpt":{"rendered":"<p>O Presidente da C\u00e2mara de Vereadores, Fred Proc\u00f3pio (PL), se reuniu com o Secret\u00e1rio de<\/p>\n","protected":false},"author":2,"featured_media":9940,"comment_status":"open","ping_status":"open","sticky":false,"template":"","format":"standard","meta":{"footnotes":""},"categories":[12],"tags":[],"class_list":["post-9939","post","type-post","status-publish","format-standard","has-post-thumbnail","hentry","category-cidade"],"_links":{"self":[{"href":"https:\/\/tvc16.com\/portal\/wp-json\/wp\/v2\/posts\/9939","targetHints":{"allow":["GET"]}}],"collection":[{"href":"https:\/\/tvc16.com\/portal\/wp-json\/wp\/v2\/posts"}],"about":[{"href":"https:\/\/tvc16.com\/portal\/wp-json\/wp\/v2\/types\/post"}],"author":[{"embeddable":true,"href":"https:\/\/tvc16.com\/portal\/wp-json\/wp\/v2\/users\/2"}],"replies":[{"embeddable":true,"href":"https:\/\/tvc16.com\/portal\/wp-json\/wp\/v2\/comments?post=9939"}],"version-history":[{"count":1,"href":"https:\/\/tvc16.com\/portal\/wp-json\/wp\/v2\/posts\/9939\/revisions"}],"predecessor-version":[{"id":9941,"href":"https:\/\/tvc16.com\/portal\/wp-json\/wp\/v2\/posts\/9939\/revisions\/9941"}],"wp:featuredmedia":[{"embeddable":true,"href":"https:\/\/tvc16.com\/portal\/wp-json\/wp\/v2\/media\/9940"}],"wp:attachment":[{"href":"https:\/\/tvc16.com\/portal\/wp-json\/wp\/v2\/media?parent=9939"}],"wp:term":[{"taxonomy":"category","embeddable":true,"href":"https:\/\/tvc16.com\/portal\/wp-json\/wp\/v2\/categories?post=9939"},{"taxonomy":"post_tag","embeddable":true,"href":"https:\/\/tvc16.com\/portal\/wp-json\/wp\/v2\/tags?post=9939"}],"curies":[{"name":"wp","href":"https:\/\/api.w.org\/{rel}","templated":true}]}}