{"id":994,"date":"2020-09-22T20:48:26","date_gmt":"2020-09-22T20:48:26","guid":{"rendered":"https:\/\/tvc16.com\/portal\/?p=994"},"modified":"2020-09-22T20:48:26","modified_gmt":"2020-09-22T20:48:26","slug":"conmebol-pressiona-prefeita-nega-interdicao-e-jogo-do-fla-vai-acontecer","status":"publish","type":"post","link":"https:\/\/tvc16.com\/portal\/2020\/09\/22\/conmebol-pressiona-prefeita-nega-interdicao-e-jogo-do-fla-vai-acontecer\/","title":{"rendered":"Conmebol pressiona, prefeita nega interdi\u00e7\u00e3o e jogo do Fla vai acontecer"},"content":{"rendered":"\n<p>Leo Burl\u00e1, Marcel Rizzo e Rodrigo Mattos<\/p>\n\n\n\n<p>Do UOL, no Rio de Janeiro e em S\u00e3o Paulo<\/p>\n\n\n\n<p>22\/09\/2020 16h03<\/p>\n\n\n\n<p>A prefeita de Guayaquil Cynthia Viteri negou que o Est\u00e1dio Monumental, palco do jogo entre Barcelona e\u00a0<a href=\"https:\/\/www.uol.com.br\/esporte\/futebol\/times\/flamengo\">Flamengo<\/a>, tenha sido fechado, embora o Rubro-negro tenha sido informado de que o local estava inabilitado. Assim, o jogo desta noite vai ocorrer, visto que a Conmebol apelou ao governo federal do Equador para tentar evitar o adiamento do jogo. Depois que autoridades locais decidiram interditar o est\u00e1dio em Guayaquil, membros da confedera\u00e7\u00e3o sul-americana entraram em contato com a Federa\u00e7\u00e3o Equatoriana para pedir ajuda.<\/p>\n\n\n\n<h4 class=\"wp-block-heading\">Contatos foram feitos com o governo federal alegando que todos os protocolos de seguran\u00e7a est\u00e3o sendo seguidos, com os profissionais do Flamengo contaminados isolados e com a garantia de que todos que estariam no est\u00e1dio deram negativo para exames recentes de PCR. O martelo foi batido pelo Minist\u00e9rio da Sa\u00fade.<\/h4>\n\n\n\n<p>O jogo est\u00e1 marcado para as 19h15 (hor\u00e1rio de Bras\u00edlia) desta ter\u00e7a-feira.<\/p>\n\n\n\n<figure class=\"wp-block-image size-large\"><img loading=\"lazy\" decoding=\"async\" width=\"591\" height=\"680\" src=\"https:\/\/tvc16.com\/portal\/wp-content\/uploads\/2020\/09\/exame.jpg\" alt=\"\" class=\"wp-image-995\" srcset=\"https:\/\/tvc16.com\/portal\/wp-content\/uploads\/2020\/09\/exame.jpg 591w, https:\/\/tvc16.com\/portal\/wp-content\/uploads\/2020\/09\/exame-261x300.jpg 261w\" sizes=\"auto, (max-width: 591px) 100vw, 591px\" \/><\/figure>\n\n\n\n<p><\/p>\n","protected":false},"excerpt":{"rendered":"<p>Leo Burl\u00e1, Marcel Rizzo e Rodrigo Mattos Do UOL, no Rio de Janeiro e em<\/p>\n","protected":false},"author":2,"featured_media":996,"comment_status":"open","ping_status":"open","sticky":false,"template":"","format":"standard","meta":{"footnotes":""},"categories":[20],"tags":[],"class_list":["post-994","post","type-post","status-publish","format-standard","has-post-thumbnail","hentry","category-esporte"],"_links":{"self":[{"href":"https:\/\/tvc16.com\/portal\/wp-json\/wp\/v2\/posts\/994","targetHints":{"allow":["GET"]}}],"collection":[{"href":"https:\/\/tvc16.com\/portal\/wp-json\/wp\/v2\/posts"}],"about":[{"href":"https:\/\/tvc16.com\/portal\/wp-json\/wp\/v2\/types\/post"}],"author":[{"embeddable":true,"href":"https:\/\/tvc16.com\/portal\/wp-json\/wp\/v2\/users\/2"}],"replies":[{"embeddable":true,"href":"https:\/\/tvc16.com\/portal\/wp-json\/wp\/v2\/comments?post=994"}],"version-history":[{"count":1,"href":"https:\/\/tvc16.com\/portal\/wp-json\/wp\/v2\/posts\/994\/revisions"}],"predecessor-version":[{"id":997,"href":"https:\/\/tvc16.com\/portal\/wp-json\/wp\/v2\/posts\/994\/revisions\/997"}],"wp:featuredmedia":[{"embeddable":true,"href":"https:\/\/tvc16.com\/portal\/wp-json\/wp\/v2\/media\/996"}],"wp:attachment":[{"href":"https:\/\/tvc16.com\/portal\/wp-json\/wp\/v2\/media?parent=994"}],"wp:term":[{"taxonomy":"category","embeddable":true,"href":"https:\/\/tvc16.com\/portal\/wp-json\/wp\/v2\/categories?post=994"},{"taxonomy":"post_tag","embeddable":true,"href":"https:\/\/tvc16.com\/portal\/wp-json\/wp\/v2\/tags?post=994"}],"curies":[{"name":"wp","href":"https:\/\/api.w.org\/{rel}","templated":true}]}}