{"id":99403,"date":"2025-02-19T08:24:33","date_gmt":"2025-02-19T11:24:33","guid":{"rendered":"https:\/\/tvc16.com\/portal\/?p=99403"},"modified":"2025-02-19T08:24:35","modified_gmt":"2025-02-19T11:24:35","slug":"gestante-em-trabalho-de-parto-e-socorrida-por-equipe-da-upa-de-itaipava","status":"publish","type":"post","link":"https:\/\/tvc16.com\/portal\/2025\/02\/19\/gestante-em-trabalho-de-parto-e-socorrida-por-equipe-da-upa-de-itaipava\/","title":{"rendered":"Gestante em trabalho de parto \u00e9 socorrida por equipe da UPA de Itaipava"},"content":{"rendered":"\n<p>Uma gestante entrou em trabalho de parto na manh\u00e3 desta ter\u00e7a-feira (18) em um supermercado do distrito de Itaipava. Logo que ela come\u00e7ou a se sentir mal, familiares encaminharam a gestante para a Unidade de Pronto Atendimento (UPA) do distrito de Itaipava. Imediatamente ela foi atendida pela equipe de plant\u00e3o que tomou todas as provid\u00eancias para fazer o parto.<br>A m\u00e3e, Juliana Gomes da Silva, de 30 anos, deu \u00e0 luz ao menino, Jo\u00e3o Guilherme por volta das 9h da manh\u00e3. \u201cA gente tem muito que agradecer, ela foi muito bem atendida e gra\u00e7as a Deus ela est\u00e1 bem e o beb\u00ea tamb\u00e9m est\u00e1 bem\u201d comemorou Maria do Socorro Gomes, m\u00e3e de Juliana e av\u00f3 do beb\u00ea.<br>Depois do parto, m\u00e3e e filho foram transferidos para a maternidade do Hospital Alcides Carneiro. O prefeito de Petr\u00f3polis, Hingo Hammes, comemorou o pronto atendimento \u00e0 fam\u00edlia: \u201cFico muito feliz em saber que est\u00e3o todos bem. Desejo felicidades \u00e0 fam\u00edlia e muita sa\u00fade para o beb\u00ea que acaba de vir ao mundo\u201d comentou o prefeito.<br>A Unidade de Pronto Atendimento do Distrito de Itaipava n\u00e3o \u00e9 uma maternidade, mas \u00e9 uma porta de entrada de urg\u00eancia e emerg\u00eancia. A unidade tem 600m\u00b2 e 121 profissionais de sa\u00fade, preparados para atender em m\u00e9dia 150 pacientes por dia.<br>\u201c\u00c9 uma alegria pra gente ver que a equipe m\u00e9dica da UPA \u00e9 comprometida e faz de tudo para ajudar quem precisa de atendimento. A unidade n\u00e3o \u00e9 uma maternidade, mas tem profissionais capacitados para ajudar em um caso de emerg\u00eancia como este\u201d explicou o secret\u00e1rio de Sa\u00fade, Lu\u00eds Cruzick.<\/p>\n","protected":false},"excerpt":{"rendered":"<p>Uma gestante entrou em trabalho de parto na manh\u00e3 desta ter\u00e7a-feira (18) em um supermercado<\/p>\n","protected":false},"author":2,"featured_media":99404,"comment_status":"open","ping_status":"open","sticky":false,"template":"","format":"standard","meta":{"footnotes":""},"categories":[12],"tags":[],"class_list":["post-99403","post","type-post","status-publish","format-standard","has-post-thumbnail","hentry","category-cidade"],"_links":{"self":[{"href":"https:\/\/tvc16.com\/portal\/wp-json\/wp\/v2\/posts\/99403","targetHints":{"allow":["GET"]}}],"collection":[{"href":"https:\/\/tvc16.com\/portal\/wp-json\/wp\/v2\/posts"}],"about":[{"href":"https:\/\/tvc16.com\/portal\/wp-json\/wp\/v2\/types\/post"}],"author":[{"embeddable":true,"href":"https:\/\/tvc16.com\/portal\/wp-json\/wp\/v2\/users\/2"}],"replies":[{"embeddable":true,"href":"https:\/\/tvc16.com\/portal\/wp-json\/wp\/v2\/comments?post=99403"}],"version-history":[{"count":1,"href":"https:\/\/tvc16.com\/portal\/wp-json\/wp\/v2\/posts\/99403\/revisions"}],"predecessor-version":[{"id":99405,"href":"https:\/\/tvc16.com\/portal\/wp-json\/wp\/v2\/posts\/99403\/revisions\/99405"}],"wp:featuredmedia":[{"embeddable":true,"href":"https:\/\/tvc16.com\/portal\/wp-json\/wp\/v2\/media\/99404"}],"wp:attachment":[{"href":"https:\/\/tvc16.com\/portal\/wp-json\/wp\/v2\/media?parent=99403"}],"wp:term":[{"taxonomy":"category","embeddable":true,"href":"https:\/\/tvc16.com\/portal\/wp-json\/wp\/v2\/categories?post=99403"},{"taxonomy":"post_tag","embeddable":true,"href":"https:\/\/tvc16.com\/portal\/wp-json\/wp\/v2\/tags?post=99403"}],"curies":[{"name":"wp","href":"https:\/\/api.w.org\/{rel}","templated":true}]}}