{"id":99406,"date":"2025-02-20T05:00:00","date_gmt":"2025-02-20T08:00:00","guid":{"rendered":"https:\/\/tvc16.com\/portal\/?p=99406"},"modified":"2025-02-19T08:38:59","modified_gmt":"2025-02-19T11:38:59","slug":"prefeitura-realiza-primeira-reuniao-do-jeups-com-representantes-das-escolas-2","status":"publish","type":"post","link":"https:\/\/tvc16.com\/portal\/2025\/02\/20\/prefeitura-realiza-primeira-reuniao-do-jeups-com-representantes-das-escolas-2\/","title":{"rendered":"Prefeitura realiza primeira reuni\u00e3o do Jeups com representantes das escolas"},"content":{"rendered":"\n<p><em>Edi\u00e7\u00e3o de 2025 conta com cinco novas modalidades<\/em><\/p>\n\n\n\n<p>A Prefeitura, por meio da secretaria de Esportes, realizou a primeira reuni\u00e3o de 2025 dos Jogos Estudantis Unificados de Petr\u00f3polis (Jeups). O evento reuniu mais de 40 representantes das escolas do munic\u00edpio e das secretarias de esporte e educa\u00e7\u00e3o no Sesc Nogueira, na manh\u00e3 desta ter\u00e7a-feira (18).<\/p>\n\n\n\n<p>\u201c\u00c9 fundametal que possamos debater sobre o Jeups com todos os participantes do evento. Uma conversa com as escolas p\u00fablicas e privadas e com nossos representantes \u00e9 primordial para entendermos as necessidades de todos\u201d, disse o prefeito Hingo Hammes.<\/p>\n\n\n\n<p>Para o ano de 2025, o Jeups conta com a inclus\u00e3o de cinco novas modalidades das quais duas s\u00e3o in\u00e9ditas: nata\u00e7\u00e3o, jud\u00f4, jiu-jitsu, pump-track e skate. \u201cN\u00f3s precisamos nos modernizar, o skate j\u00e1 se tornou uma modalidade ol\u00edmpica, ent\u00e3o vamos abra\u00e7ar para que essa seja uma estreia de sucesso nos nossos jogos estudantis\u201d, celebra o secret\u00e1rio de Esportes Leandro Kronenberger.<\/p>\n\n\n\n<p>A reuni\u00e3o foi uma oportunidade para que representantes das redes privadas e p\u00fablicas pudessem debater sobre a organiza\u00e7\u00e3o dos jogos e sobre o cronograma das atividades \u201cHoje tivemos a oportunidade de debater sobre o cronograma dos jogos para que possamos encaixar as atividades sem que haja complica\u00e7\u00f5es com a grade curricular, e para que as escolas da nossa rede consigam aproveitar esse momento\u201d, comenta o secret\u00e1rio de Educa\u00e7\u00e3o Alexandre Gurgel.<\/p>\n","protected":false},"excerpt":{"rendered":"<p>Edi\u00e7\u00e3o de 2025 conta com cinco novas modalidades A Prefeitura, por meio da secretaria de<\/p>\n","protected":false},"author":2,"featured_media":99407,"comment_status":"open","ping_status":"open","sticky":false,"template":"","format":"standard","meta":{"footnotes":""},"categories":[12],"tags":[],"class_list":["post-99406","post","type-post","status-publish","format-standard","has-post-thumbnail","hentry","category-cidade"],"_links":{"self":[{"href":"https:\/\/tvc16.com\/portal\/wp-json\/wp\/v2\/posts\/99406","targetHints":{"allow":["GET"]}}],"collection":[{"href":"https:\/\/tvc16.com\/portal\/wp-json\/wp\/v2\/posts"}],"about":[{"href":"https:\/\/tvc16.com\/portal\/wp-json\/wp\/v2\/types\/post"}],"author":[{"embeddable":true,"href":"https:\/\/tvc16.com\/portal\/wp-json\/wp\/v2\/users\/2"}],"replies":[{"embeddable":true,"href":"https:\/\/tvc16.com\/portal\/wp-json\/wp\/v2\/comments?post=99406"}],"version-history":[{"count":1,"href":"https:\/\/tvc16.com\/portal\/wp-json\/wp\/v2\/posts\/99406\/revisions"}],"predecessor-version":[{"id":99408,"href":"https:\/\/tvc16.com\/portal\/wp-json\/wp\/v2\/posts\/99406\/revisions\/99408"}],"wp:featuredmedia":[{"embeddable":true,"href":"https:\/\/tvc16.com\/portal\/wp-json\/wp\/v2\/media\/99407"}],"wp:attachment":[{"href":"https:\/\/tvc16.com\/portal\/wp-json\/wp\/v2\/media?parent=99406"}],"wp:term":[{"taxonomy":"category","embeddable":true,"href":"https:\/\/tvc16.com\/portal\/wp-json\/wp\/v2\/categories?post=99406"},{"taxonomy":"post_tag","embeddable":true,"href":"https:\/\/tvc16.com\/portal\/wp-json\/wp\/v2\/tags?post=99406"}],"curies":[{"name":"wp","href":"https:\/\/api.w.org\/{rel}","templated":true}]}}