{"id":99414,"date":"2025-02-20T06:00:00","date_gmt":"2025-02-20T09:00:00","guid":{"rendered":"https:\/\/tvc16.com\/portal\/?p=99414"},"modified":"2025-02-19T08:43:27","modified_gmt":"2025-02-19T11:43:27","slug":"petropolis-e-destaque-no-forum-nacional-de-boas-praticas-em-protecao-e-defesa-civil","status":"publish","type":"post","link":"https:\/\/tvc16.com\/portal\/2025\/02\/20\/petropolis-e-destaque-no-forum-nacional-de-boas-praticas-em-protecao-e-defesa-civil\/","title":{"rendered":"Petr\u00f3polis \u00e9 destaque no F\u00f3rum Nacional de Boas Pr\u00e1ticas em Prote\u00e7\u00e3o e Defesa Civil"},"content":{"rendered":"\n<p><em>Defesa Civil Alerta, pelo sistema Cell Broadcast, foi apresentado pela equipe de Petr\u00f3polis<\/em><\/p>\n\n\n\n<p>Petr\u00f3polis foi uma das primeiras cidades do pa\u00eds a come\u00e7ar a usar o Defesa Civil Alerta, pelo sistema Cell Broadcast. Desde agosto de 2024, o munic\u00edpio utiliza a ferramenta nacional para emitir alertas de eventos extremos para a popula\u00e7\u00e3o. Devido a experi\u00eancia exitosa no munic\u00edpio, Petr\u00f3polis foi convidado a participar do F\u00f3rum Nacional de Boas Pr\u00e1ticas em Prote\u00e7\u00e3o e Defesa Civil, promovido pelo Governo Federal. O evento, online e gratuito, come\u00e7ou nesta ter\u00e7a-feira (18) e vai at\u00e9 quarta (19).<\/p>\n\n\n\n<p>\u201cPelas nossas caracter\u00edsticas e hist\u00f3rico, \u00e9 muito importante termos acesso a novas tecnologias e ferramentas para alertar a popula\u00e7\u00e3o e garantir a seguran\u00e7a, principalmente, das pessoas que vivem em \u00e1reas de risco. Essas ferramentas aliadas ao trabalho de preven\u00e7\u00e3o junto com a popula\u00e7\u00e3o podemos ter uma cidade mais resiliente e segura\u201d, comentou o prefeito Hingo Hammes.<\/p>\n\n\n\n<p>O evento re\u00fane especialistas, gestores, agentes volunt\u00e1rios e agentes de prote\u00e7\u00e3o e defesa civil de todo o pa\u00eds para discutir, trocar experi\u00eancias e apresentar boas pr\u00e1ticas em Defesa Civil. \u201cNosso compromisso \u00e9 que os alertas cheguem \u00e0 popula\u00e7\u00e3o de forma efetiva, para que as pessoas, em especial as que vivem em \u00e1reas de risco, possam se mobilizar. Cada vez mais a tecnologia est\u00e1 avan\u00e7ando para que esse trabalho chegue de forma eficaz a toda a popula\u00e7\u00e3o\u201d, disse o secret\u00e1rio de Prote\u00e7\u00e3o e Defesa Civil, Guilherme Moraes.<\/p>\n\n\n\n<p>A utiliza\u00e7\u00e3o do sistema de Defesa Civil Alerta em Petr\u00f3polis foi apresentada pela diretora t\u00e9cnica de Monitoramento da Secretaria de Prote\u00e7\u00e3o e Defesa Civil, Eduarda Conde. A palestra, assistida por mais de 500 pessoas, aconteceu na manh\u00e3 desta ter\u00e7a-feira (18) como parte do Eixo 1: Planejamento Nacional Defesa Civil Alerta, que tamb\u00e9m contou com a participa\u00e7\u00e3o de Tiago Schnnor, coordenador-Geral de Monitoramento e Alerta e do tenente coronel Ben\u00edcio Ferrari, assessor especial do Comando do Estado do Esp\u00edrito Santo.<\/p>\n\n\n\n<p>Eduarda apresentou um balan\u00e7o do Defesa Civil Alerta em Petr\u00f3polis e como s\u00e3o feitos os alertas at\u00e9 o envio \u00e0 popula\u00e7\u00e3o. &#8220;Atuamos em conjunto com as equipes de meteorologia e comunica\u00e7\u00e3o social para garantir que os alertas emitidos sejam precisos e eficazes, proporcionando \u00e0 popula\u00e7\u00e3o informa\u00e7\u00f5es claras e tempestivas\u201d, ressaltou a diretora t\u00e9cnica de Monitoramento da Secretaria de Prote\u00e7\u00e3o e Defesa Civil de Petr\u00f3polis. \u201cN\u00f3s mantemos um monitoramento, acompanhamento e atualiza\u00e7\u00e3o junto \u00e0s defesas civis de todo o pa\u00eds. \u00c9 um trabalho conjunto\u201d, disse Tiago Schnnor, coordenador-Geral de Monitoramento e Alerta, acrescentando que o Defesa Civil Alerta est\u00e1 em fase de nacionaliza\u00e7\u00e3o, sendo levado para outras regi\u00f5es do pa\u00eds.<\/p>\n\n\n\n<p>A programa\u00e7\u00e3o do F\u00f3rum inclui palestras e oficinas, como o Plano Nacional de Prote\u00e7\u00e3o e Defesa Civil, a Inclus\u00e3o Social e Sustentabilidade na Gest\u00e3o de Riscos e Desastres, al\u00e9m de debates sobre estrat\u00e9gias locais e boas pr\u00e1ticas na redu\u00e7\u00e3o de riscos. A programa\u00e7\u00e3o completa est\u00e1 no site do Governo Federal: https:\/\/www.gov.br\/mdr\/pt-br.<\/p>\n","protected":false},"excerpt":{"rendered":"<p>Defesa Civil Alerta, pelo sistema Cell Broadcast, foi apresentado pela equipe de Petr\u00f3polis Petr\u00f3polis foi<\/p>\n","protected":false},"author":2,"featured_media":99415,"comment_status":"open","ping_status":"open","sticky":false,"template":"","format":"standard","meta":{"footnotes":""},"categories":[12],"tags":[],"class_list":["post-99414","post","type-post","status-publish","format-standard","has-post-thumbnail","hentry","category-cidade"],"_links":{"self":[{"href":"https:\/\/tvc16.com\/portal\/wp-json\/wp\/v2\/posts\/99414","targetHints":{"allow":["GET"]}}],"collection":[{"href":"https:\/\/tvc16.com\/portal\/wp-json\/wp\/v2\/posts"}],"about":[{"href":"https:\/\/tvc16.com\/portal\/wp-json\/wp\/v2\/types\/post"}],"author":[{"embeddable":true,"href":"https:\/\/tvc16.com\/portal\/wp-json\/wp\/v2\/users\/2"}],"replies":[{"embeddable":true,"href":"https:\/\/tvc16.com\/portal\/wp-json\/wp\/v2\/comments?post=99414"}],"version-history":[{"count":1,"href":"https:\/\/tvc16.com\/portal\/wp-json\/wp\/v2\/posts\/99414\/revisions"}],"predecessor-version":[{"id":99416,"href":"https:\/\/tvc16.com\/portal\/wp-json\/wp\/v2\/posts\/99414\/revisions\/99416"}],"wp:featuredmedia":[{"embeddable":true,"href":"https:\/\/tvc16.com\/portal\/wp-json\/wp\/v2\/media\/99415"}],"wp:attachment":[{"href":"https:\/\/tvc16.com\/portal\/wp-json\/wp\/v2\/media?parent=99414"}],"wp:term":[{"taxonomy":"category","embeddable":true,"href":"https:\/\/tvc16.com\/portal\/wp-json\/wp\/v2\/categories?post=99414"},{"taxonomy":"post_tag","embeddable":true,"href":"https:\/\/tvc16.com\/portal\/wp-json\/wp\/v2\/tags?post=99414"}],"curies":[{"name":"wp","href":"https:\/\/api.w.org\/{rel}","templated":true}]}}