{"id":99417,"date":"2025-02-19T09:10:01","date_gmt":"2025-02-19T12:10:01","guid":{"rendered":"https:\/\/tvc16.com\/portal\/?p=99417"},"modified":"2025-02-19T09:10:03","modified_gmt":"2025-02-19T12:10:03","slug":"rio-recife-belem-e-salvador-tiveram-mais-de-6-mil-tiroteios-em-2024","status":"publish","type":"post","link":"https:\/\/tvc16.com\/portal\/2025\/02\/19\/rio-recife-belem-e-salvador-tiveram-mais-de-6-mil-tiroteios-em-2024\/","title":{"rendered":"Rio, Recife, Bel\u00e9m e Salvador tiveram mais de 6 mil tiroteios em 2024"},"content":{"rendered":"\n<p><em>Quase um ter\u00e7o ocorreram durante a\u00e7\u00f5es policiais<\/em><\/p>\n\n\n\n<p>Por Ag\u00eancia Brasil \/ Foto: Tomaz Silva\/Ag\u00eancia Brasil<\/p>\n\n\n\n<p><\/p>\n\n\n\n<p>Relat\u00f3rio anual do Instituto Fogo Cruzado indica que, em 2024, foram registrados 6.769 tiroteios nas regi\u00f5es metropolitanas de Rio de Janeiro, Recife, Bel\u00e9m e Salvador. Como resultado, foram 5.936 pessoas baleadas, 4.104 mortos e 1.832 feridos. Quase um ter\u00e7o do total de tiroteios monitorado (29%) ocorreram durante a\u00e7\u00f5es policiais.<img decoding=\"async\" src=\"https:\/\/agenciabrasil.ebc.com.br\/ebc.png?id=1630779&amp;o=node\"><img decoding=\"async\" src=\"https:\/\/agenciabrasil.ebc.com.br\/ebc.gif?id=1630779&amp;o=node\"><\/p>\n\n\n\n<p>Segundo o instituto, o mapeamento nessas quatro metr\u00f3poles, que abrangem Sudeste, Nordeste e Norte do pa\u00eds, possibilita identificar padr\u00f5es comuns e especificidades regionais no uso da for\u00e7a letal pelo Estado. Al\u00e9m disso, \u00e9 poss\u00edvel compreender a dimens\u00e3o dos conflitos entre grupos armados no cotidiano de grandes centros urbanos.<\/p>\n\n\n\n<p>\u201cA viol\u00eancia armada segue como um grande desafio. Os impactos s\u00e3o devastadores, especialmente para crian\u00e7as, adolescentes e comunidades vulner\u00e1veis. A flexibiliza\u00e7\u00e3o do acesso a armas de fogo, sem o acompanhamento dos mecanismos de fiscaliza\u00e7\u00e3o, combinada com uma pol\u00edtica de seguran\u00e7a p\u00fablica centrada no confronto, tem contribu\u00eddo para a manuten\u00e7\u00e3o deste ciclo de viol\u00eancia, algo que n\u00e3o \u00e9 novidade, mas que vem aparecendo a cada novo relat\u00f3rio anual\u201d, analisa Cec\u00edlia Olliveira, diretora-executiva do Instituto Fogo Cruzado.<\/p>\n\n\n\n<p>Os dados do estudo refor\u00e7am o argumento. Entre 2017 e 2023, houve aumento de 227% no n\u00famero de armas registradas. No total, h\u00e1 cerca de 4,8 milh\u00f5es de armas em posse da popula\u00e7\u00e3o civil.&nbsp;<\/p>\n\n\n\n<p>Outro dado preocupante \u00e9 o de pessoas que morreram em confrontos com agentes de seguran\u00e7a: entre 2015 e 2024, foram 51 mil pessoas.<\/p>\n\n\n\n<h2 class=\"wp-block-heading\">Rio de Janeiro<\/h2>\n\n\n\n<p>O Rio de Janeiro registrou 2.532 ocorr\u00eancias de disparos de arma de fogo ao longo de 2024, com uma m\u00e9dia de sete tiroteios di\u00e1rios na regi\u00e3o metropolitana. Esse \u00e9 o menor \u00edndice contabilizado pelo instituto desde 2017, no in\u00edcio da s\u00e9rie hist\u00f3rica. O pico foi em 2018, com 9.633 registros.<\/p>\n\n\n\n<p>Apesar da redu\u00e7\u00e3o, 2024 teve a maior propor\u00e7\u00e3o de tiroteios policiais j\u00e1 registrada, sendo 36% relacionados a opera\u00e7\u00f5es policiais. Foram afetadas 1.968 unidades de ensino e 1.136 unidades de sa\u00fade. Tamb\u00e9m houve recorde no n\u00famero de crian\u00e7as baleadas no ano passado. Foram 26 jovens at\u00e9 11 anos de idade baleados, maior \u00edndice da s\u00e9rie hist\u00f3rica.<\/p>\n\n\n\n<h2 class=\"wp-block-heading\">Pernambuco<\/h2>\n\n\n\n<p>Na regi\u00e3o metropolitana do Recife, houve queda de 1.827 tiroteios em 2023 para 1.748 em 2024, redu\u00e7\u00e3o de 4%. Mesmo assim, o n\u00famero de registros em 2024 \u00e9 o segundo maior da s\u00e9rie hist\u00f3rica.<\/p>\n\n\n\n<p>Segundo o Fogo Cruzado, Pernambuco tem os \u00edndices mais preocupantes de viol\u00eancia do estudo, com 97% dos disparos ocorridos na regi\u00e3o metropolitana resultando em v\u00edtimas, o maior \u00edndice em todos os estados mapeados pelo instituto.<\/p>\n\n\n\n<p>Em 2024, o n\u00famero de crian\u00e7as e adolescentes baleados atingiu recorde, com 147 baleados, resultando em 101 mortes. Desde 2019, j\u00e1 s\u00e3o 735 casos de jovens at\u00e9 17 anos de idade baleados.<\/p>\n\n\n\n<h2 class=\"wp-block-heading\">Bahia<\/h2>\n\n\n\n<p>Na regi\u00e3o metropolitana de Salvador, os n\u00fameros tiveram pequena redu\u00e7\u00e3o de 0,4% em compara\u00e7\u00e3o a 2023. Foram 1.795 ocorr\u00eancias de disparos de arma de fogo em 2024, contra 1.804 no ano anterior. Em m\u00e9dia, a Bahia registrou cinco tiroteios di\u00e1rios na regi\u00e3o metropolitana, com 38% dos confrontos originados em a\u00e7\u00f5es policiais. No ano anterior, essa propor\u00e7\u00e3o foi de 36,5%.<\/p>\n\n\n\n<p>Em 2024 foram registradas 27 registradas chacinas, resultando na morte de 92 civis. Em 2023, foram 48 chacinas, com 190 mortos. Em 2024, 59% das chacinas aconteceram em a\u00e7\u00f5es policiais. Em 2023, a taxa foi de 69%. A pol\u00edcia ainda \u00e9 respons\u00e1vel por mais da metade das chacinas ocorridas na regi\u00e3o.<\/p>\n\n\n\n<h2 class=\"wp-block-heading\">Par\u00e1<\/h2>\n\n\n\n<p>No Par\u00e1, foram 694 tiroteios registrados na regi\u00e3o metropolitana de Bel\u00e9m, sendo que 42% ocorreram durante a\u00e7\u00f5es policiais. \u00c9 o maior \u00edndice entre os quatro estados monitorados, superando Rio de Janeiro (36%) e Bahia (38%).<\/p>\n\n\n\n<p>Dos 686 baleados em 2024, 96 v\u00edtimas foram atingidas em ataques armados e somente duas pessoas ficaram feridas por balas perdidas.<\/p>\n\n\n\n<h2 class=\"wp-block-heading\">Medidas urgentes<\/h2>\n\n\n\n<p>Diante dos n\u00fameros preocupantes da viol\u00eancia armada, a diretora do Fogo Cruzado defende a urg\u00eancia de pol\u00edticas p\u00fablicas coordenadas e baseadas em evid\u00eancias.<\/p>\n\n\n\n<p>\u201cH\u00e1 8 anos apresentamos n\u00fameros que traduzem a dor das fam\u00edlias e o medo do cidad\u00e3o. H\u00e1 8 anos vemos mais do mesmo nas pol\u00edticas p\u00fablicas de seguran\u00e7a. \u00c9 preciso pensar em estrat\u00e9gias com metas claras, planejadas a partir dos dados produzidos pelo poder p\u00fablico e sociedade civil, com aten\u00e7\u00e3o especial para a fiscaliza\u00e7\u00e3o, o controle de armas e a reformula\u00e7\u00e3o das estrat\u00e9gias de enfrentamento, que precisam ser calcadas em evid\u00eancias e intelig\u00eancia. A viol\u00eancia \u00e9 hoje a maior preocupa\u00e7\u00e3o do brasileiro, superando sa\u00fade e educa\u00e7\u00e3o\u201d, defende.<\/p>\n","protected":false},"excerpt":{"rendered":"<p>Quase um ter\u00e7o ocorreram durante a\u00e7\u00f5es policiais Por Ag\u00eancia Brasil \/ Foto: Tomaz Silva\/Ag\u00eancia Brasil<\/p>\n","protected":false},"author":2,"featured_media":99418,"comment_status":"open","ping_status":"open","sticky":false,"template":"","format":"standard","meta":{"footnotes":""},"categories":[17],"tags":[],"class_list":["post-99417","post","type-post","status-publish","format-standard","has-post-thumbnail","hentry","category-outras-noticias"],"_links":{"self":[{"href":"https:\/\/tvc16.com\/portal\/wp-json\/wp\/v2\/posts\/99417","targetHints":{"allow":["GET"]}}],"collection":[{"href":"https:\/\/tvc16.com\/portal\/wp-json\/wp\/v2\/posts"}],"about":[{"href":"https:\/\/tvc16.com\/portal\/wp-json\/wp\/v2\/types\/post"}],"author":[{"embeddable":true,"href":"https:\/\/tvc16.com\/portal\/wp-json\/wp\/v2\/users\/2"}],"replies":[{"embeddable":true,"href":"https:\/\/tvc16.com\/portal\/wp-json\/wp\/v2\/comments?post=99417"}],"version-history":[{"count":1,"href":"https:\/\/tvc16.com\/portal\/wp-json\/wp\/v2\/posts\/99417\/revisions"}],"predecessor-version":[{"id":99419,"href":"https:\/\/tvc16.com\/portal\/wp-json\/wp\/v2\/posts\/99417\/revisions\/99419"}],"wp:featuredmedia":[{"embeddable":true,"href":"https:\/\/tvc16.com\/portal\/wp-json\/wp\/v2\/media\/99418"}],"wp:attachment":[{"href":"https:\/\/tvc16.com\/portal\/wp-json\/wp\/v2\/media?parent=99417"}],"wp:term":[{"taxonomy":"category","embeddable":true,"href":"https:\/\/tvc16.com\/portal\/wp-json\/wp\/v2\/categories?post=99417"},{"taxonomy":"post_tag","embeddable":true,"href":"https:\/\/tvc16.com\/portal\/wp-json\/wp\/v2\/tags?post=99417"}],"curies":[{"name":"wp","href":"https:\/\/api.w.org\/{rel}","templated":true}]}}