{"id":9942,"date":"2021-01-28T07:46:28","date_gmt":"2021-01-28T10:46:28","guid":{"rendered":"https:\/\/tvc16.com\/portal\/?p=9942"},"modified":"2021-01-28T07:46:29","modified_gmt":"2021-01-28T10:46:29","slug":"aprovada-na-camara-municipal-uma-medida-que-dispoe-da-contratacao-emergencial-de-psiquiatras-para-o-ambulatorio-de-saude-mental-em-petropolis","status":"publish","type":"post","link":"https:\/\/tvc16.com\/portal\/2021\/01\/28\/aprovada-na-camara-municipal-uma-medida-que-dispoe-da-contratacao-emergencial-de-psiquiatras-para-o-ambulatorio-de-saude-mental-em-petropolis\/","title":{"rendered":"Aprovada na C\u00e2mara Municipal, uma medida que disp\u00f5e da contrata\u00e7\u00e3o emergencial de psiquiatras para o Ambulat\u00f3rio de Sa\u00fade Mental em Petr\u00f3polis"},"content":{"rendered":"\n<p>Foi aprovada na sess\u00e3o plen\u00e1ria da \u00faltima ter\u00e7a-feira (26) uma medida, de autoria da vereadora Gilda Beatriz (PSD), que disp\u00f5e da contrata\u00e7\u00e3o emergencial de psiquiatras para o Ambulat\u00f3rio de Sa\u00fade Mental. Segundo a parlamentar, a rede municipal de sa\u00fade j\u00e1 chegou a ter sete psiquiatras, por\u00e9m, atualmente, o \u00fanico psiquiatra que permanece atendendo se encontra afastado por ser do grupo de risco da COVID-19.<\/p>\n\n\n\n<p>\u201cA contrata\u00e7\u00e3o destes profissionais \u00e9 algo emergencial, uma vez que os pacientes psiqui\u00e1tricos est\u00e3o sendo prejudicados em nossa cidade. Considerando tamb\u00e9m, aquelas pessoas que est\u00e3o em estado de vulnerabilidade social, que precisam deste atendimento. Estarei cobrando a Secretaria de Sa\u00fade e buscando a realiza\u00e7\u00e3o destes contratos de forma emergencial\u201d, declarou a vereadora Gilda Beatriz.<\/p>\n\n\n\n<p>Em 2019 a vereadora Gilda Beatriz realizou uma den\u00fancia formal e documentada no Minist\u00e9rio P\u00fablico, sobre a falta de psiquiatras e medica\u00e7\u00e3o. A cobran\u00e7a dos pacientes tamb\u00e9m resultou na instaura\u00e7\u00e3o de um Inqu\u00e9rito Civil e a Defensoria P\u00fablica, no ano passado moveu uma A\u00e7\u00e3o Civil P\u00fablica em face do munic\u00edpio.<\/p>\n","protected":false},"excerpt":{"rendered":"<p>Foi aprovada na sess\u00e3o plen\u00e1ria da \u00faltima ter\u00e7a-feira (26) uma medida, de autoria da vereadora<\/p>\n","protected":false},"author":2,"featured_media":9943,"comment_status":"open","ping_status":"open","sticky":false,"template":"","format":"standard","meta":{"footnotes":""},"categories":[12],"tags":[],"class_list":["post-9942","post","type-post","status-publish","format-standard","has-post-thumbnail","hentry","category-cidade"],"_links":{"self":[{"href":"https:\/\/tvc16.com\/portal\/wp-json\/wp\/v2\/posts\/9942","targetHints":{"allow":["GET"]}}],"collection":[{"href":"https:\/\/tvc16.com\/portal\/wp-json\/wp\/v2\/posts"}],"about":[{"href":"https:\/\/tvc16.com\/portal\/wp-json\/wp\/v2\/types\/post"}],"author":[{"embeddable":true,"href":"https:\/\/tvc16.com\/portal\/wp-json\/wp\/v2\/users\/2"}],"replies":[{"embeddable":true,"href":"https:\/\/tvc16.com\/portal\/wp-json\/wp\/v2\/comments?post=9942"}],"version-history":[{"count":1,"href":"https:\/\/tvc16.com\/portal\/wp-json\/wp\/v2\/posts\/9942\/revisions"}],"predecessor-version":[{"id":9944,"href":"https:\/\/tvc16.com\/portal\/wp-json\/wp\/v2\/posts\/9942\/revisions\/9944"}],"wp:featuredmedia":[{"embeddable":true,"href":"https:\/\/tvc16.com\/portal\/wp-json\/wp\/v2\/media\/9943"}],"wp:attachment":[{"href":"https:\/\/tvc16.com\/portal\/wp-json\/wp\/v2\/media?parent=9942"}],"wp:term":[{"taxonomy":"category","embeddable":true,"href":"https:\/\/tvc16.com\/portal\/wp-json\/wp\/v2\/categories?post=9942"},{"taxonomy":"post_tag","embeddable":true,"href":"https:\/\/tvc16.com\/portal\/wp-json\/wp\/v2\/tags?post=9942"}],"curies":[{"name":"wp","href":"https:\/\/api.w.org\/{rel}","templated":true}]}}