{"id":99426,"date":"2025-02-19T10:56:39","date_gmt":"2025-02-19T13:56:39","guid":{"rendered":"https:\/\/tvc16.com\/portal\/?p=99426"},"modified":"2025-02-19T10:56:41","modified_gmt":"2025-02-19T13:56:41","slug":"carnaval-e-indicacao-ao-oscar-movimentam-vendas-na-25-de-marco","status":"publish","type":"post","link":"https:\/\/tvc16.com\/portal\/2025\/02\/19\/carnaval-e-indicacao-ao-oscar-movimentam-vendas-na-25-de-marco\/","title":{"rendered":"Carnaval e indica\u00e7\u00e3o ao Oscar movimentam vendas na 25 de Mar\u00e7o"},"content":{"rendered":"\n<p><em>Vendas de r\u00e9plicas da estatueta aumentaram cerca de 200%<\/em><\/p>\n\n\n\n<p>Por Elaine Patr\u00edcia Cruz &#8211; Rep\u00f3rter da Ag\u00eancia Brasil \/ Foto: Paulo Pinto\/Ag\u00eancia Brasil<\/p>\n\n\n\n<p><\/p>\n\n\n\n<p>N\u00e3o \u00e9 de hoje que as lojas de enfeites e de fantasias do maior centro de com\u00e9rcio popular do pa\u00eds vendem r\u00e9plicas da&nbsp;estatueta&nbsp;do Oscar. Mas, com a aproxima\u00e7\u00e3o do Carnaval, as vendas dessas r\u00e9plicas cresceram ainda mais nas lojas que ficam ao redor da Rua 25 de Mar\u00e7o, na capital paulista. A explica\u00e7\u00e3o para isso s\u00e3o as tr\u00eas indica\u00e7\u00f5es ao Oscar do filme&nbsp;<em>Ainda Estou Aqui<\/em>, de Walter Salles.<img decoding=\"async\" src=\"https:\/\/agenciabrasil.ebc.com.br\/ebc.png?id=1630934&amp;o=node\"><img decoding=\"async\" src=\"https:\/\/agenciabrasil.ebc.com.br\/ebc.gif?id=1630934&amp;o=node\"><\/p>\n\n\n\n<p>\u201cO Oscar est\u00e1 um top. Trabalhamos com isso h\u00e1 muitos anos para vender para empresas, por exemplo. Mas, neste ano, estamos arrebentando de vender por causa da [atriz] Fernanda Torres. Tem at\u00e9 um bloco de rua em homenagem a ela [chamado de A Vida Presta]\u201d, disse&nbsp;Pierre Sfeir, propriet\u00e1rio da loja Festas e Fantasias.<\/p>\n\n\n\n<p>Segundo ele, as vendas dessas estatuetas cresceram em torno de 200% neste in\u00edcio de ano. &#8220;N\u00e3o se vendia tanto quanto agora. O pessoal compra para torcer [pelo Oscar] e para brincar o Carnaval\u201d, ressaltou. \u201cEu tamb\u00e9m vou torcer [pelo Oscar], mas sentadinho em casa porque n\u00e3o tenho perna para pular\u201d, brincou.<\/p>\n\n\n\n<p>Na sua loja, a r\u00e9plica da estatueta est\u00e1 sendo vendida por R$ 24. \u201cEsse \u00e9 um pre\u00e7o bom e honesto para todo mundo poder comprar\u201d, afirmou.<\/p>\n\n\n\n<p>Um dos que adquiriram&nbsp;uma r\u00e9plica para pular o Carnaval foi o banc\u00e1rio Pedro Frediano, 26 anos. \u201cEu e um amigo vamos fazer uma fantasia em dupla, imitando a F\u00e1tima e a Sueli [personagens da s\u00e9rie&nbsp;<em>Entre Tapas &amp; Beijos<\/em>, que eram interpretados por Fernanda Torres e Andrea Beltr\u00e3o]. Vim \u00e0&nbsp;25 de Mar\u00e7o para terminar de comprar as fantasias de Carnaval. E uma, especificamente, era do Oscar, e s\u00f3 me faltava a estatueta\u201d, disse&nbsp;ele \u00e0 reportagem. \u201cPensamos em sair de F\u00e1tima e Sueli no domingo de Carnaval, que \u00e9 o dia em que vai ter a premia\u00e7\u00e3o do Oscar. Carnaval \u00e9 bagun\u00e7a, \u00e9 festa. E ficamos bem animados com a ideia [dessa fantasia]\u201d.<\/p>\n\n\n\n<p>Pedro ainda n\u00e3o sabe se vai conseguir acompanhar a cerim\u00f4nia de premia\u00e7\u00e3o do Oscar, no dia 2 de mar\u00e7o, em pleno Carnaval. O filme&nbsp;<em>Ainda Estou Aqui<\/em>, no qual Fernanda Torres interpreta a advogada e ativista brasileira Eunice Paiva,&nbsp;<a href=\"https:\/\/agenciabrasil.ebc.com.br\/cultura\/noticia\/2025-01\/fernanda-torres-e-ainda-estou-aqui-sao-indicados-ao-oscar-2025\" target=\"_blank\" rel=\"noreferrer noopener\">concorre nas categorias de melhor filme, melhor atriz e melhor filme estrangeiro<\/a>.<\/p>\n\n\n\n<p>\u201cAcho que na hora [do Oscar] vou estar um pouco baleado por causa do s\u00e1bado e domingo de Carnaval. Mas vou ficar por dentro, olhando pelo celular. Estarei no Rio de Janeiro e h\u00e1 uma festa prometida por l\u00e1 [em caso de o Brasil conquistar alguma premia\u00e7\u00e3o]\u201d, acrescentou.<\/p>\n\n\n\n<h2 class=\"wp-block-heading\">Crescimento das vendas<\/h2>\n\n\n\n<p>O Carnaval \u00e9 uma das principais datas comemorativas para alavancar as vendas na 25 de Mar\u00e7o. Este \u00e9 o caso principalmente da loja de Pierre Sfeir, que comercializa adere\u00e7os e fantasias. \u201cCarnaval \u00e9 sempre o top. Melhor \u00e9poca do ano para a gente \u00e9 o Carnaval. E esse ano est\u00e1 muito bom, muito aquecido, gra\u00e7as a Deus. O Carnaval neste ano \u00e9 no final de fevereiro e come\u00e7o de mar\u00e7o, o que d\u00e1 mais f\u00f4lego para o pessoal gastar\u201d.<\/p>\n\n\n\n<p>Sua expectativa \u00e9 de que, neste ano, as vendas carnavalescas impulsionem um crescimento entre 16% e 20% em rela\u00e7\u00e3o ao ano passado. \u201cTomara que passe ainda mais porque da\u00ed teremos uma boa reserva para aguentar o resto do ano\u201d.<\/p>\n\n\n\n<p>Em outra loja da Ladeira Porto Geral, a gerente Vilma dos Santos de Queiroz, 63 anos, disse que as vendas por l\u00e1 tamb\u00e9m est\u00e3o boas. \u201cA gente espera para as pr\u00f3ximas semanas aumentar ainda mais\u201d.<\/p>\n\n\n\n<p>Nessa loja, afirmou&nbsp;a gerente, eles tamb\u00e9m est\u00e3o comercializando as r\u00e9plicas das estatuetas do Oscar. \u201cTem muita gente&nbsp;procurando a m\u00e1scara [com o rosto da Fernanda Torres], mas essa n\u00e3o temos no momento\u201d, afirmou.<\/p>\n\n\n\n<p>Na tarde dessa ter\u00e7a-feira (18), a diretora administrativa de escola, Jacqueline Pereira, 33 anos, estava na loja comprando adere\u00e7os para o Carnaval. \u201cEstou comprando decora\u00e7\u00e3o para o Carnaval da escola. E estamos tentando gastar pouco\u201d, disse ela, rindo. \u201cEstamos comprando bambol\u00eas, colares havaianos e coisas assim. Alguns pre\u00e7os est\u00e3o bem salgados, mas d\u00e1 para garimpar bem\u201d.<\/p>\n\n\n\n<p>N\u00e1dia Cristina dos Santos Santana, 46 anos, que trabalha no setor financeiro de uma escola, acompanhou Jacqueline nas compras na 25 de Mar\u00e7o. \u201cCarnaval \u00e9 uma festa popular que est\u00e1 na raiz da fam\u00edlia. Ent\u00e3o a gente gosta. Gosto mais de assistir, mas me interesso pelos bloquinhos. E a\u00ed uso uma tiarinha, um colar havaiano [para a fantasia], nada muito elaborado. Neste ano ainda n\u00e3o comprei nada, mas estou pesquisando\u201d, disse ela.<\/p>\n\n\n\n<h2 class=\"wp-block-heading\">Camel\u00f4s<\/h2>\n\n\n\n<p>Se nas lojas os comerciantes est\u00e3o celebrando vendas melhores do que no ano passado, entre os camel\u00f4s da 25 de Mar\u00e7o o resultado tem sido bem diferente. Desde o Natal eles v\u00eam reclamando que as vendas diminu\u00edram muito e que nem mesmo esses grandes per\u00edodos de festas t\u00eam ajudado a alavancar as vendas.<\/p>\n\n\n\n<p>Na tarde de ontem,&nbsp;a reportagem conversou com alguns desses vendedores ambulantes que trabalham na regi\u00e3o. Um deles, que n\u00e3o quis se identificar, tem uma barraca de venda de fantasias para crian\u00e7as e acess\u00f3rios para cachorros h\u00e1 quase sete anos na 25 de Mar\u00e7o.<\/p>\n\n\n\n<p>\u201cAs vendas est\u00e3o fracas, desde o ano passado,&nbsp;ca\u00edram muito. Em dezembro mesmo, a expectativa era&nbsp;outra, mas n\u00e3o foi boa. Acredito que \u00e9 culpa do governo e das vendas&nbsp;na internet. O pessoal tem preferido comprar mais pela internet do que vir para a rua\u201d, disse.<\/p>\n\n\n\n<p>Outra vendedora, que est\u00e1 h\u00e1 um ano e meio com uma barraquinha na 25 de Mar\u00e7o, tamb\u00e9m reclamou das vendas neste ano. Ela, que tamb\u00e9m vende fantasias, disse&nbsp;que \u201co Carnaval deste ano est\u00e1 horr\u00edvel\u201d.<\/p>\n\n\n\n<p>\u201cN\u00e3o est\u00e1 vendendo muito. Acho que \u00e9 culpa da infla\u00e7\u00e3o. No ano passado estava melhor. O que vendo mais \u00e9 fantasia para adulto, que est\u00e1 na faixa de R$ 40 ou R$ 60. Mas, mesmo assim, est\u00e1 dif\u00edcil. Espero que melhore nos pr\u00f3ximos dias porque tenho contas para pagar e n\u00e3o est\u00e1 entrando dinheiro. N\u00e3o sei se as vendas&nbsp;<em>online<\/em>&nbsp;tamb\u00e9m est\u00e3o prejudicando. Vai juntando tudo: infla\u00e7\u00e3o e vendas&nbsp;<em>online<\/em>. Est\u00e1 bem dif\u00edcil para sobreviver. Aqui na 25 [de Mar\u00e7o] j\u00e1 n\u00e3o tem tanta gente como&nbsp;tinha antes\u201d, reclamou.<br><\/p>\n","protected":false},"excerpt":{"rendered":"<p>Vendas de r\u00e9plicas da estatueta aumentaram cerca de 200% Por Elaine Patr\u00edcia Cruz &#8211; Rep\u00f3rter<\/p>\n","protected":false},"author":2,"featured_media":99427,"comment_status":"open","ping_status":"open","sticky":false,"template":"","format":"standard","meta":{"footnotes":""},"categories":[17],"tags":[],"class_list":["post-99426","post","type-post","status-publish","format-standard","has-post-thumbnail","hentry","category-outras-noticias"],"_links":{"self":[{"href":"https:\/\/tvc16.com\/portal\/wp-json\/wp\/v2\/posts\/99426","targetHints":{"allow":["GET"]}}],"collection":[{"href":"https:\/\/tvc16.com\/portal\/wp-json\/wp\/v2\/posts"}],"about":[{"href":"https:\/\/tvc16.com\/portal\/wp-json\/wp\/v2\/types\/post"}],"author":[{"embeddable":true,"href":"https:\/\/tvc16.com\/portal\/wp-json\/wp\/v2\/users\/2"}],"replies":[{"embeddable":true,"href":"https:\/\/tvc16.com\/portal\/wp-json\/wp\/v2\/comments?post=99426"}],"version-history":[{"count":1,"href":"https:\/\/tvc16.com\/portal\/wp-json\/wp\/v2\/posts\/99426\/revisions"}],"predecessor-version":[{"id":99428,"href":"https:\/\/tvc16.com\/portal\/wp-json\/wp\/v2\/posts\/99426\/revisions\/99428"}],"wp:featuredmedia":[{"embeddable":true,"href":"https:\/\/tvc16.com\/portal\/wp-json\/wp\/v2\/media\/99427"}],"wp:attachment":[{"href":"https:\/\/tvc16.com\/portal\/wp-json\/wp\/v2\/media?parent=99426"}],"wp:term":[{"taxonomy":"category","embeddable":true,"href":"https:\/\/tvc16.com\/portal\/wp-json\/wp\/v2\/categories?post=99426"},{"taxonomy":"post_tag","embeddable":true,"href":"https:\/\/tvc16.com\/portal\/wp-json\/wp\/v2\/tags?post=99426"}],"curies":[{"name":"wp","href":"https:\/\/api.w.org\/{rel}","templated":true}]}}