{"id":99434,"date":"2025-02-20T05:00:00","date_gmt":"2025-02-20T08:00:00","guid":{"rendered":"https:\/\/tvc16.com\/portal\/?p=99434"},"modified":"2025-02-19T15:17:33","modified_gmt":"2025-02-19T18:17:33","slug":"terminam-hoje-20-as-inscricoes-para-a-15a-edicao-do-premio-guerra-peixe","status":"publish","type":"post","link":"https:\/\/tvc16.com\/portal\/2025\/02\/20\/terminam-hoje-20-as-inscricoes-para-a-15a-edicao-do-premio-guerra-peixe\/","title":{"rendered":"Terminam hoje (20) as inscri\u00e7\u00f5es para a 15\u00aa edi\u00e7\u00e3o do pr\u00eamio Guerra-Peixe"},"content":{"rendered":"\n<p><em>O pr\u00eamio mais importante de reconhecimento cultural da Regi\u00e3o Serrana do Estado do Rio de Janeiro vai premiar artistas da cidade de Petr\u00f3polis em 11 categorias<\/em><\/p>\n\n\n\n<p>Terminam nesta quinta-feira (20) as inscri\u00e7\u00f5es para a 15\u00aa edi\u00e7\u00e3o do pr\u00eamio Guerra-Peixe, que vai premiar artistas em 11 categorias, como m\u00fasica popular e erudita, teatro, dan\u00e7a, literatura, artes visuais, entre outras. Ser\u00e3o quatro indicados por categoria. O Instituto Municipal de Cultura (IMC) organiza o evento, em conjunto com a Prefeitura de Petr\u00f3polis.<\/p>\n\n\n\n<p>As inscri\u00e7\u00f5es s\u00e3o feitas por formul\u00e1rio, de forma virtual, que est\u00e1 dispon\u00edvel no site da prefeitura. \u201cDepois disso, uma comiss\u00e3o, formada por nove membros da sociedade civil e servidores de carreira, todos ligados \u00e0 \u00e1rea da cultura e do entretenimento em Petr\u00f3polis, vai escolher os trabalhos que foram destaques no ano de 2024&#8243;, destaca o secret\u00e1rio de Cultura, Adenilson Honorato.<\/p>\n\n\n\n<p>O pr\u00eamio Guerra-Peixe acontece tradicionalmente no primeiro semestre de cada ano, premiando os destaques do ano anterior. As inscri\u00e7\u00f5es devem ser feitas pelo site da Prefeitura (petropolis.rj.gov.br). Pedidos de informa\u00e7\u00f5es e esclarecimentos pelo telefone (24) 2233 1222 ou pelo e-mail: premioguerrapeixe@petropolis.rj.gov.br.<\/p>\n\n\n\n<p>Foto: divulga\u00e7\u00e3o<\/p>\n","protected":false},"excerpt":{"rendered":"<p>O pr\u00eamio mais importante de reconhecimento cultural da Regi\u00e3o Serrana do Estado do Rio de<\/p>\n","protected":false},"author":2,"featured_media":91165,"comment_status":"open","ping_status":"open","sticky":false,"template":"","format":"standard","meta":{"footnotes":""},"categories":[12],"tags":[],"class_list":["post-99434","post","type-post","status-publish","format-standard","has-post-thumbnail","hentry","category-cidade"],"_links":{"self":[{"href":"https:\/\/tvc16.com\/portal\/wp-json\/wp\/v2\/posts\/99434","targetHints":{"allow":["GET"]}}],"collection":[{"href":"https:\/\/tvc16.com\/portal\/wp-json\/wp\/v2\/posts"}],"about":[{"href":"https:\/\/tvc16.com\/portal\/wp-json\/wp\/v2\/types\/post"}],"author":[{"embeddable":true,"href":"https:\/\/tvc16.com\/portal\/wp-json\/wp\/v2\/users\/2"}],"replies":[{"embeddable":true,"href":"https:\/\/tvc16.com\/portal\/wp-json\/wp\/v2\/comments?post=99434"}],"version-history":[{"count":1,"href":"https:\/\/tvc16.com\/portal\/wp-json\/wp\/v2\/posts\/99434\/revisions"}],"predecessor-version":[{"id":99435,"href":"https:\/\/tvc16.com\/portal\/wp-json\/wp\/v2\/posts\/99434\/revisions\/99435"}],"wp:featuredmedia":[{"embeddable":true,"href":"https:\/\/tvc16.com\/portal\/wp-json\/wp\/v2\/media\/91165"}],"wp:attachment":[{"href":"https:\/\/tvc16.com\/portal\/wp-json\/wp\/v2\/media?parent=99434"}],"wp:term":[{"taxonomy":"category","embeddable":true,"href":"https:\/\/tvc16.com\/portal\/wp-json\/wp\/v2\/categories?post=99434"},{"taxonomy":"post_tag","embeddable":true,"href":"https:\/\/tvc16.com\/portal\/wp-json\/wp\/v2\/tags?post=99434"}],"curies":[{"name":"wp","href":"https:\/\/api.w.org\/{rel}","templated":true}]}}