{"id":99442,"date":"2025-02-20T05:00:00","date_gmt":"2025-02-20T08:00:00","guid":{"rendered":"https:\/\/tvc16.com\/portal\/?p=99442"},"modified":"2025-02-19T16:29:34","modified_gmt":"2025-02-19T19:29:34","slug":"prepare-se-folia-na-16-no-proximo-sabado-com-musica-e-diversao-no-centro-historico","status":"publish","type":"post","link":"https:\/\/tvc16.com\/portal\/2025\/02\/20\/prepare-se-folia-na-16-no-proximo-sabado-com-musica-e-diversao-no-centro-historico\/","title":{"rendered":"Prepare-se: Folia na 16 no pr\u00f3ximo s\u00e1bado com M\u00fasica e divers\u00e3o no Centro Hist\u00f3rico"},"content":{"rendered":"\n<p>O clima carnavalesco vai invadir a Rua 16 de mar\u00e7o no s\u00e1bado (22). A Folia na 16 contar\u00e1 com divers\u00e3o para todos os p\u00fablicos, incluindo oficina de m\u00e1scaras e cortejo de carnaval, das 14h \u00e0s 17h30. O p\u00fablico poder\u00e1 aproveitar a festa e ainda conferir os looks e provar as del\u00edcias gastron\u00f4micas. A programa\u00e7\u00e3o \u00e9 uma realiza\u00e7\u00e3o do Polo de Experi\u00eancias da Rua 16 de Mar\u00e7o e Adjac\u00eancias. As novidades podem ser conferidas no Instagram @rua16demarco.<\/p>\n\n\n\n<p>Confira a programa\u00e7\u00e3o:<\/p>\n\n\n\n<p><strong>14h \u00e0s 15h30 &#8211; Oficina de M\u00e1scaras<\/strong><\/p>\n\n\n\n<p>Atividade l\u00fadica e criativa para o p\u00fablico infantil, estimulando a imagina\u00e7\u00e3o e a express\u00e3o art\u00edstica, atrav\u00e9s da confec\u00e7\u00e3o de m\u00e1scaras.<\/p>\n\n\n\n<p>Atividade para crian\u00e7as de 06 a 12 anos, acompanhadas de respons\u00e1veis, cuja perman\u00eancia no local \u00e9 obrigat\u00f3ria. A atividade \u00e9 gratuita e inclui os materiais.<\/p>\n\n\n\n<p><strong>15h45 \u00e0s 17h30 &#8211; Cortejo de Carnaval<\/strong><\/p>\n\n\n\n<p>Uma experi\u00eancia \u00fanica, que celebra a cultura popular do Carnaval e resgata a mem\u00f3ria afetiva, ao ouvir cantigas cl\u00e1ssicas com arranjos musicais ao vivo e intera\u00e7\u00e3o com personagens como colombina, pierrot, coronel da banda, Carmem Miranda e arlequim. O cortejo percorrer\u00e1 toda a Rua 16 de Mar\u00e7o de um lado e depois retornar\u00e1 pelo outro.<\/p>\n\n\n\n<p>Produ\u00e7\u00e3o:<\/p>\n\n\n\n<p>Cia Constru\u00e7\u00e3o Cena<\/p>\n","protected":false},"excerpt":{"rendered":"<p>O clima carnavalesco vai invadir a Rua 16 de mar\u00e7o no s\u00e1bado (22). A Folia<\/p>\n","protected":false},"author":2,"featured_media":99443,"comment_status":"open","ping_status":"open","sticky":false,"template":"","format":"standard","meta":{"footnotes":""},"categories":[12],"tags":[],"class_list":["post-99442","post","type-post","status-publish","format-standard","has-post-thumbnail","hentry","category-cidade"],"_links":{"self":[{"href":"https:\/\/tvc16.com\/portal\/wp-json\/wp\/v2\/posts\/99442","targetHints":{"allow":["GET"]}}],"collection":[{"href":"https:\/\/tvc16.com\/portal\/wp-json\/wp\/v2\/posts"}],"about":[{"href":"https:\/\/tvc16.com\/portal\/wp-json\/wp\/v2\/types\/post"}],"author":[{"embeddable":true,"href":"https:\/\/tvc16.com\/portal\/wp-json\/wp\/v2\/users\/2"}],"replies":[{"embeddable":true,"href":"https:\/\/tvc16.com\/portal\/wp-json\/wp\/v2\/comments?post=99442"}],"version-history":[{"count":1,"href":"https:\/\/tvc16.com\/portal\/wp-json\/wp\/v2\/posts\/99442\/revisions"}],"predecessor-version":[{"id":99444,"href":"https:\/\/tvc16.com\/portal\/wp-json\/wp\/v2\/posts\/99442\/revisions\/99444"}],"wp:featuredmedia":[{"embeddable":true,"href":"https:\/\/tvc16.com\/portal\/wp-json\/wp\/v2\/media\/99443"}],"wp:attachment":[{"href":"https:\/\/tvc16.com\/portal\/wp-json\/wp\/v2\/media?parent=99442"}],"wp:term":[{"taxonomy":"category","embeddable":true,"href":"https:\/\/tvc16.com\/portal\/wp-json\/wp\/v2\/categories?post=99442"},{"taxonomy":"post_tag","embeddable":true,"href":"https:\/\/tvc16.com\/portal\/wp-json\/wp\/v2\/tags?post=99442"}],"curies":[{"name":"wp","href":"https:\/\/api.w.org\/{rel}","templated":true}]}}