{"id":99445,"date":"2025-02-20T08:12:46","date_gmt":"2025-02-20T11:12:46","guid":{"rendered":"https:\/\/tvc16.com\/portal\/?p=99445"},"modified":"2025-02-20T08:12:48","modified_gmt":"2025-02-20T11:12:48","slug":"prefeitura-de-petropolis-esclarece-mortes-por-covid-19","status":"publish","type":"post","link":"https:\/\/tvc16.com\/portal\/2025\/02\/20\/prefeitura-de-petropolis-esclarece-mortes-por-covid-19\/","title":{"rendered":"Prefeitura de Petr\u00f3polis esclarece mortes por covid-19"},"content":{"rendered":"\n<p><em>Por Reda\u00e7\u00e3o<\/em><\/p>\n\n\n\n<p>Nesta \u00faltima ter\u00e7a-feira (18), a equipe do Correio Petropolitano divulgou dados fornecidos pelo Governo Federal, atrav\u00e9s do Painel Coronav\u00edrus, do Minist\u00e9rio da Sa\u00fade, sobre a quantidade de casos de covid-19 em Petr\u00f3polis no ano de 2025. O canal oficial apontou, at\u00e9 as seis primeiras semanas epidemiol\u00f3gicas de 2025, 172 casos prov\u00e1veis e oito mortes pela doen\u00e7a na cidade. Entretanto, nesta quinta-feira (19), a Prefeitura de Petr\u00f3polis informou que o site do Minist\u00e9rio da Sa\u00fade est\u00e1 exibindo dados de 2024, e que seis das oito mortes estavam em investiga\u00e7\u00e3o e s\u00f3 foram confirmadas este ano.<\/p>\n\n\n\n<p>N\u00e3o obstante, a pesquisadora do programa de computa\u00e7\u00e3o cient\u00edfica da Funda\u00e7\u00e3o Oswaldo Cruz (Fiocruz) e do Boletim InfoGripe, Tatiana Portella, enfatiza o poss\u00edvel aumento de casos no per\u00edodo de volta \u00e0s aulas. &#8220;Nessa \u00e9poca, as crian\u00e7as acabam tendo mais contato umas com as outras, e acabam ficando mais tempo dentro da sala de aula, que \u00e9 um ambiente mais fechado, com menor circula\u00e7\u00e3o de ar, que facilita a transmiss\u00e3o dos v\u00edrus respirat\u00f3rios&#8221;, afirmou.<\/p>\n\n\n\n<h2 class=\"wp-block-heading\">Recomenda\u00e7\u00f5es<\/h2>\n\n\n\n<p>A especialista tamb\u00e9m trouxe algumas recomenda\u00e7\u00f5es em caso de aparecimento de sintomas de contamina\u00e7\u00e3o por algum v\u00edrus respirat\u00f3rio, especialmente para crian\u00e7as, neste per\u00edodo. &#8220;A orienta\u00e7\u00e3o \u00e9 ficar em casa em isolamento, recuperando-se da infec\u00e7\u00e3o, para evitar transmitir o v\u00edrus para outras crian\u00e7as dentro da escola. Se n\u00e3o for poss\u00edvel manter a crian\u00e7a dentro de casa em isolamento, a recomenda\u00e7\u00e3o \u00e9 que, caso ela j\u00e1 tenha idade adequada, v\u00e1 para a escola usando uma boa m\u00e1scara, especialmente dentro da sala de aula&#8221;, disse.<\/p>\n\n\n\n<h2 class=\"wp-block-heading\">Vacina\u00e7\u00e3o<\/h2>\n\n\n\n<p>Outro ponto importante para o combate ao v\u00edrus, \u00e9 que as pessoas mantenham a vacina\u00e7\u00e3o contra a covid-19 em dia. No in\u00edcio deste m\u00eas, a Prefeitura anunciou a chegada 1.810 doses de vacinas contra a doen\u00e7a. Foram 450 doses do imunizante do laborat\u00f3rio Moderna, para crian\u00e7as menores de 12 anos, 1.190 da vacina Zalika, destinada para pessoas a partir de 12 anos de idade e 170 doses da vacina Pfizer Baby, aplicada em crian\u00e7as de 6 meses a 4 anos. Todas elas dispon\u00edveis para aplica\u00e7\u00e3o no Centro de Sa\u00fade Coletiva e na Unidade B\u00e1sica de Sa\u00fade (UBS) de Itaipava.<\/p>\n","protected":false},"excerpt":{"rendered":"<p>Por Reda\u00e7\u00e3o Nesta \u00faltima ter\u00e7a-feira (18), a equipe do Correio Petropolitano divulgou dados fornecidos pelo<\/p>\n","protected":false},"author":2,"featured_media":99446,"comment_status":"open","ping_status":"open","sticky":false,"template":"","format":"standard","meta":{"footnotes":""},"categories":[12],"tags":[],"class_list":["post-99445","post","type-post","status-publish","format-standard","has-post-thumbnail","hentry","category-cidade"],"_links":{"self":[{"href":"https:\/\/tvc16.com\/portal\/wp-json\/wp\/v2\/posts\/99445","targetHints":{"allow":["GET"]}}],"collection":[{"href":"https:\/\/tvc16.com\/portal\/wp-json\/wp\/v2\/posts"}],"about":[{"href":"https:\/\/tvc16.com\/portal\/wp-json\/wp\/v2\/types\/post"}],"author":[{"embeddable":true,"href":"https:\/\/tvc16.com\/portal\/wp-json\/wp\/v2\/users\/2"}],"replies":[{"embeddable":true,"href":"https:\/\/tvc16.com\/portal\/wp-json\/wp\/v2\/comments?post=99445"}],"version-history":[{"count":1,"href":"https:\/\/tvc16.com\/portal\/wp-json\/wp\/v2\/posts\/99445\/revisions"}],"predecessor-version":[{"id":99447,"href":"https:\/\/tvc16.com\/portal\/wp-json\/wp\/v2\/posts\/99445\/revisions\/99447"}],"wp:featuredmedia":[{"embeddable":true,"href":"https:\/\/tvc16.com\/portal\/wp-json\/wp\/v2\/media\/99446"}],"wp:attachment":[{"href":"https:\/\/tvc16.com\/portal\/wp-json\/wp\/v2\/media?parent=99445"}],"wp:term":[{"taxonomy":"category","embeddable":true,"href":"https:\/\/tvc16.com\/portal\/wp-json\/wp\/v2\/categories?post=99445"},{"taxonomy":"post_tag","embeddable":true,"href":"https:\/\/tvc16.com\/portal\/wp-json\/wp\/v2\/tags?post=99445"}],"curies":[{"name":"wp","href":"https:\/\/api.w.org\/{rel}","templated":true}]}}