{"id":9945,"date":"2021-01-28T07:52:35","date_gmt":"2021-01-28T10:52:35","guid":{"rendered":"https:\/\/tvc16.com\/portal\/?p=9945"},"modified":"2021-01-28T07:52:37","modified_gmt":"2021-01-28T10:52:37","slug":"governo-do-estado-do-rj-lanca-programa-de-credito-para-artesaos-profissionais-poderao-adquirir-financiamentos-de-ate-r-21-mil","status":"publish","type":"post","link":"https:\/\/tvc16.com\/portal\/2021\/01\/28\/governo-do-estado-do-rj-lanca-programa-de-credito-para-artesaos-profissionais-poderao-adquirir-financiamentos-de-ate-r-21-mil\/","title":{"rendered":"Governo do Estado do RJ lan\u00e7a programa de cr\u00e9dito para artes\u00e3os. Profissionais poder\u00e3o adquirir financiamentos de at\u00e9 R$ 21 mil"},"content":{"rendered":"\n<p><br>O Governo do Estado do Rio de Janeiro lan\u00e7ou, na \u00faltima  ter\u00e7a-feira (26), um programa in\u00e9dito de financiamento para artes\u00e3os fluminenses. O ArtCred RJ \u00e9 uma parceria entre a Secretaria de Turismo e a Ag\u00eancia Estadual de Fomento (AgeRio). Os artes\u00e3os que t\u00eam a Carteira Nacional poder\u00e3o adquirir um cr\u00e9dito de R$ 300 a R$ 21 mil, com taxa de 0,25% ao m\u00eas. O prazo \u00e9 de 24 meses e a car\u00eancia de 12 meses.<\/p>\n\n\n\n<p><strong>Requisitos para ter acesso ao cr\u00e9dito<\/strong><\/p>\n\n\n\n<p>&#8211; Os artes\u00e3os devem ter a Carteira Nacional de Artes\u00e3o.<\/p>\n\n\n\n<p>&#8211; \u00c9 necess\u00e1rio contar com o apoio de um avalista com renda comprovada e que, assim como o solicitante, tenha o nome sem restri\u00e7\u00f5es no SPC\/Serasa.<\/p>\n\n\n\n<p>&#8211; \u00c9 poss\u00edvel utilizar aval solid\u00e1rio por meio da reuni\u00e3o de um grupo de 3 a 10 artes\u00e3os, &nbsp;que podem ser clientes e avalistas entre si.<\/p>\n\n\n\n<p>As solicita\u00e7\u00f5es de mircrocr\u00e9dito devem ser feitas pelo link&nbsp;<a rel=\"noreferrer noopener\" target=\"_blank\" href=\"https:\/\/www.agerio.com.br\/microcredito-artesaos\/\">https:\/\/www.agerio.com.br\/microcredito-artesaos\/<\/a>.<\/p>\n\n\n\n<p><strong>Programa de artesanato<\/strong><\/p>\n\n\n\n<p>Coordenado pela Secretaria de Turismo, o Programa Estadual de Artesanato reconhece a atividade como geradora de desenvolvimento regional e registro vivo da hist\u00f3ria local, e coloca em pr\u00e1tica a\u00e7\u00f5es que visam o empreendedorismo. A iniciativa tamb\u00e9m identifica e mapeia a mat\u00e9ria-prima e t\u00e9cnica utilizadas pelos artes\u00e3os. J\u00e1 s\u00e3o 16.403 profissionais cadastrados e inseridos no Programa do Artesanato Brasileiro, do governo federal.<\/p>\n","protected":false},"excerpt":{"rendered":"<p>O Governo do Estado do Rio de Janeiro lan\u00e7ou, na \u00faltima ter\u00e7a-feira (26), um programa<\/p>\n","protected":false},"author":2,"featured_media":0,"comment_status":"open","ping_status":"open","sticky":false,"template":"","format":"standard","meta":{"footnotes":""},"categories":[17],"tags":[],"class_list":["post-9945","post","type-post","status-publish","format-standard","hentry","category-outras-noticias"],"_links":{"self":[{"href":"https:\/\/tvc16.com\/portal\/wp-json\/wp\/v2\/posts\/9945","targetHints":{"allow":["GET"]}}],"collection":[{"href":"https:\/\/tvc16.com\/portal\/wp-json\/wp\/v2\/posts"}],"about":[{"href":"https:\/\/tvc16.com\/portal\/wp-json\/wp\/v2\/types\/post"}],"author":[{"embeddable":true,"href":"https:\/\/tvc16.com\/portal\/wp-json\/wp\/v2\/users\/2"}],"replies":[{"embeddable":true,"href":"https:\/\/tvc16.com\/portal\/wp-json\/wp\/v2\/comments?post=9945"}],"version-history":[{"count":1,"href":"https:\/\/tvc16.com\/portal\/wp-json\/wp\/v2\/posts\/9945\/revisions"}],"predecessor-version":[{"id":9947,"href":"https:\/\/tvc16.com\/portal\/wp-json\/wp\/v2\/posts\/9945\/revisions\/9947"}],"wp:attachment":[{"href":"https:\/\/tvc16.com\/portal\/wp-json\/wp\/v2\/media?parent=9945"}],"wp:term":[{"taxonomy":"category","embeddable":true,"href":"https:\/\/tvc16.com\/portal\/wp-json\/wp\/v2\/categories?post=9945"},{"taxonomy":"post_tag","embeddable":true,"href":"https:\/\/tvc16.com\/portal\/wp-json\/wp\/v2\/tags?post=9945"}],"curies":[{"name":"wp","href":"https:\/\/api.w.org\/{rel}","templated":true}]}}