{"id":99451,"date":"2025-02-20T08:17:35","date_gmt":"2025-02-20T11:17:35","guid":{"rendered":"https:\/\/tvc16.com\/portal\/?p=99451"},"modified":"2025-02-20T08:17:36","modified_gmt":"2025-02-20T11:17:36","slug":"ex-gestao-de-petropolis-deixa-posto-de-saude-do-simeria-a-deriva","status":"publish","type":"post","link":"https:\/\/tvc16.com\/portal\/2025\/02\/20\/ex-gestao-de-petropolis-deixa-posto-de-saude-do-simeria-a-deriva\/","title":{"rendered":"Ex-gest\u00e3o de Petr\u00f3polis deixa posto de sa\u00fade do Sim\u00e9ria \u00e0 deriva"},"content":{"rendered":"\n<p><em>Por\u00a0Leandra Lima<\/em><\/p>\n\n\n\n<p>Na \u00faltima semana, o Correio recebeu diversas den\u00fancias em rela\u00e7\u00e3o ao estado prec\u00e1rio da Unidade de Estrat\u00e9gia de Sa\u00fade da Fam\u00edlia (PSF) do Alto Sim\u00e9ria. Os problemas relatados pelos funcion\u00e1rios incluem, falta de ventiladores e filtro de \u00e1gua, salas sem estrutura para atendimento, geladeira em m\u00e1s condi\u00e7\u00f5es, e o mais grave, conforme as informa\u00e7\u00f5es, \u00e9 a qualidade da \u00e1gua, pois a caixa de armazenamento \u00e9 de amianto e est\u00e1 contaminada, sendo considerada impr\u00f3pria para uso. O veredicto veio ap\u00f3s a Secret\u00e1ria de Sa\u00fade do munic\u00edpio realizar uma an\u00e1lise no local, h\u00e1 cerca de dois meses.<\/p>\n\n\n\n<p>&#8220;As circunst\u00e2ncias n\u00e3o s\u00e3o boas. Na unidade n\u00e3o tem ventilador, nem filtro de \u00e1gua, nesse calor est\u00e1 imposs\u00edvel! E para completar a caixa d&#8217;\u00e1gua \u00e9 de amianto e est\u00e1 contaminada. Foi avisado para os pacientes n\u00e3o tomarem e se caso precisar, trazer uma garrafa de casa, assim como a equipe est\u00e1 fazendo&#8221;, relatou um colaborador que n\u00e3o ser\u00e1 identificado.<\/p>\n\n\n\n<p>De acordo com os funcion\u00e1rios, a situa\u00e7\u00e3o ocorre desde da \u00faltima gest\u00e3o, e j\u00e1 somam dois anos sem os itens mencionados, ou seja, sem ventilador e filtro. Al\u00e9m disso, em rela\u00e7\u00e3o a infraestrutura do pr\u00e9dio, h\u00e1 um buraco no teto da recep\u00e7\u00e3o, que foi tampado, por\u00e9m apresenta goteiras. E tamb\u00e9m faltam produtos b\u00e1sicos de primeira necessidade do dia a dia, como papel higi\u00eanico e produtos de limpeza. &#8220;Assim tudo \u00e9 muito prec\u00e1rio, n\u00e3o temos comodidade nenhuma sendo que passamos grande parte do nosso tempo no trabalho. A estrutura das salas n\u00e3o est\u00e1 boa, tem locais com infiltra\u00e7\u00f5es e outros problemas, isso afeta n\u00e3o s\u00f3 a equipe, mas tamb\u00e9m a comunidade que precisa de atendimento. Imagina, ter s\u00f3 um ventilador funcionando nesse calor, e \u00e1gua ent\u00e3o nem se fala, se acabar a da garrafinha como faz, n\u00e3o tem alternativa&#8221;, expressou uma colaboradora.<\/p>\n\n\n\n<p><strong>Atual gest\u00e3o<\/strong><\/p>\n\n\n\n<p>Frente aos apontamentos, a atual gest\u00e3o municipal informou por meio da Secretaria Municipal de Sa\u00fade, que uma equipe de engenharia e manuten\u00e7\u00e3o vai fazer um levantamento e ser\u00e1 avaliado o que pode ser feito de imediato.<\/p>\n\n\n\n<p>Ressaltaram tamb\u00e9m que a equipe vai avaliar a estrutura e os equipamentos do posto para providenciar a reforma, tendo em vista que j\u00e1 existe um projeto de acessibilidade feito pela Secretaria de Obras, podendo ser ajustado para uma reforma geral da unidade. Quanto \u00e0s condi\u00e7\u00f5es da \u00e1gua, ser\u00e1 feita a limpeza da caixa e uma nova an\u00e1lise da \u00e1gua para garantir que esteja pr\u00f3pria ao consumo. Enfatizaram ainda que a substitui\u00e7\u00e3o do reservat\u00f3rio tamb\u00e9m ser\u00e1 providenciada.<\/p>\n\n\n\n<p><\/p>\n","protected":false},"excerpt":{"rendered":"<p>Por\u00a0Leandra Lima Na \u00faltima semana, o Correio recebeu diversas den\u00fancias em rela\u00e7\u00e3o ao estado prec\u00e1rio<\/p>\n","protected":false},"author":2,"featured_media":99452,"comment_status":"open","ping_status":"open","sticky":false,"template":"","format":"standard","meta":{"footnotes":""},"categories":[12],"tags":[],"class_list":["post-99451","post","type-post","status-publish","format-standard","has-post-thumbnail","hentry","category-cidade"],"_links":{"self":[{"href":"https:\/\/tvc16.com\/portal\/wp-json\/wp\/v2\/posts\/99451","targetHints":{"allow":["GET"]}}],"collection":[{"href":"https:\/\/tvc16.com\/portal\/wp-json\/wp\/v2\/posts"}],"about":[{"href":"https:\/\/tvc16.com\/portal\/wp-json\/wp\/v2\/types\/post"}],"author":[{"embeddable":true,"href":"https:\/\/tvc16.com\/portal\/wp-json\/wp\/v2\/users\/2"}],"replies":[{"embeddable":true,"href":"https:\/\/tvc16.com\/portal\/wp-json\/wp\/v2\/comments?post=99451"}],"version-history":[{"count":1,"href":"https:\/\/tvc16.com\/portal\/wp-json\/wp\/v2\/posts\/99451\/revisions"}],"predecessor-version":[{"id":99453,"href":"https:\/\/tvc16.com\/portal\/wp-json\/wp\/v2\/posts\/99451\/revisions\/99453"}],"wp:featuredmedia":[{"embeddable":true,"href":"https:\/\/tvc16.com\/portal\/wp-json\/wp\/v2\/media\/99452"}],"wp:attachment":[{"href":"https:\/\/tvc16.com\/portal\/wp-json\/wp\/v2\/media?parent=99451"}],"wp:term":[{"taxonomy":"category","embeddable":true,"href":"https:\/\/tvc16.com\/portal\/wp-json\/wp\/v2\/categories?post=99451"},{"taxonomy":"post_tag","embeddable":true,"href":"https:\/\/tvc16.com\/portal\/wp-json\/wp\/v2\/tags?post=99451"}],"curies":[{"name":"wp","href":"https:\/\/api.w.org\/{rel}","templated":true}]}}