{"id":99454,"date":"2025-02-20T08:25:46","date_gmt":"2025-02-20T11:25:46","guid":{"rendered":"https:\/\/tvc16.com\/portal\/?p=99454"},"modified":"2025-02-20T08:25:48","modified_gmt":"2025-02-20T11:25:48","slug":"camara-aprova-pena-para-quem-divulgar-imagens-de-nudez-geradas-por-ia","status":"publish","type":"post","link":"https:\/\/tvc16.com\/portal\/2025\/02\/20\/camara-aprova-pena-para-quem-divulgar-imagens-de-nudez-geradas-por-ia\/","title":{"rendered":"C\u00e2mara aprova pena para quem divulgar imagens de nudez geradas por IA"},"content":{"rendered":"\n<p><em>Crime pode ser punido com reclus\u00e3o de dois a seis anos<\/em><\/p>\n\n\n\n<p>Por Ag\u00eancia Brasil (<em>Com informa\u00e7\u00f5es da Ag\u00eancia C\u00e2mara de Not\u00edcias<\/em>) \/ Foto: Jo\u00e9dson Alves\/Ag\u00eancia Brasil\/ARQUIVO<\/p>\n\n\n\n<p><\/p>\n\n\n\n<p>A C\u00e2mara dos Deputados aprovou nesta quarta-feira (19) o projeto de lei que inclui no C\u00f3digo Penal o crime de manipular, produzir ou divulgar conte\u00fado de nudez ou ato sexual falso gerado por tecnologia de intelig\u00eancia artificial e outros meios tecnol\u00f3gicos. O texto ser\u00e1 enviado ao Senado.<img decoding=\"async\" src=\"https:\/\/agenciabrasil.ebc.com.br\/ebc.png?id=1631131&amp;o=node\"><img decoding=\"async\" src=\"https:\/\/agenciabrasil.ebc.com.br\/ebc.gif?id=1631131&amp;o=node\"><\/p>\n\n\n\n<p>Segundo o Projeto de Lei 3821\/24, o crime pode ser punido com reclus\u00e3o de dois a seis anos&nbsp;e multa, se o fato n\u00e3o constituir crime mais grave. A pena ser\u00e1 maior se a v\u00edtima for mulher, crian\u00e7a, adolescente, pessoa idosa ou com defici\u00eancia.<\/p>\n\n\n\n<p>Quando houver dissemina\u00e7\u00e3o em massa por meio de redes sociais ou plataformas digitais, a pena ser\u00e1 aumentada de 1\/3 ao dobro.<\/p>\n\n\n\n<p>O projeto tamb\u00e9m inclui no C\u00f3digo Eleitoral o crime de uso de imagens manipulados em campanhas eleitorais, envolvendo candidatos ou candidatas. Haver\u00e1 o mesmo aumento de pena quando a ofendida for mulher, pessoa com defici\u00eancia ou idosa.<\/p>\n\n\n\n<p>Quando a conduta for praticada por candidato, al\u00e9m das penas previstas, ser\u00e1 imposta a cassa\u00e7\u00e3o do registro de candidatura ou do diploma.<br><\/p>\n","protected":false},"excerpt":{"rendered":"<p>Crime pode ser punido com reclus\u00e3o de dois a seis anos Por Ag\u00eancia Brasil (Com<\/p>\n","protected":false},"author":2,"featured_media":99455,"comment_status":"open","ping_status":"open","sticky":false,"template":"","format":"standard","meta":{"footnotes":""},"categories":[17],"tags":[],"class_list":["post-99454","post","type-post","status-publish","format-standard","has-post-thumbnail","hentry","category-outras-noticias"],"_links":{"self":[{"href":"https:\/\/tvc16.com\/portal\/wp-json\/wp\/v2\/posts\/99454","targetHints":{"allow":["GET"]}}],"collection":[{"href":"https:\/\/tvc16.com\/portal\/wp-json\/wp\/v2\/posts"}],"about":[{"href":"https:\/\/tvc16.com\/portal\/wp-json\/wp\/v2\/types\/post"}],"author":[{"embeddable":true,"href":"https:\/\/tvc16.com\/portal\/wp-json\/wp\/v2\/users\/2"}],"replies":[{"embeddable":true,"href":"https:\/\/tvc16.com\/portal\/wp-json\/wp\/v2\/comments?post=99454"}],"version-history":[{"count":1,"href":"https:\/\/tvc16.com\/portal\/wp-json\/wp\/v2\/posts\/99454\/revisions"}],"predecessor-version":[{"id":99456,"href":"https:\/\/tvc16.com\/portal\/wp-json\/wp\/v2\/posts\/99454\/revisions\/99456"}],"wp:featuredmedia":[{"embeddable":true,"href":"https:\/\/tvc16.com\/portal\/wp-json\/wp\/v2\/media\/99455"}],"wp:attachment":[{"href":"https:\/\/tvc16.com\/portal\/wp-json\/wp\/v2\/media?parent=99454"}],"wp:term":[{"taxonomy":"category","embeddable":true,"href":"https:\/\/tvc16.com\/portal\/wp-json\/wp\/v2\/categories?post=99454"},{"taxonomy":"post_tag","embeddable":true,"href":"https:\/\/tvc16.com\/portal\/wp-json\/wp\/v2\/tags?post=99454"}],"curies":[{"name":"wp","href":"https:\/\/api.w.org\/{rel}","templated":true}]}}