{"id":99457,"date":"2025-02-20T08:30:59","date_gmt":"2025-02-20T11:30:59","guid":{"rendered":"https:\/\/tvc16.com\/portal\/?p=99457"},"modified":"2025-02-20T08:31:01","modified_gmt":"2025-02-20T11:31:01","slug":"prf-define-93-pontos-criticos-em-rodovias-durante-o-carnaval","status":"publish","type":"post","link":"https:\/\/tvc16.com\/portal\/2025\/02\/20\/prf-define-93-pontos-criticos-em-rodovias-durante-o-carnaval\/","title":{"rendered":"PRF define 93 pontos cr\u00edticos em rodovias durante o carnaval"},"content":{"rendered":"\n<p><em>Opera\u00e7\u00e3o refor\u00e7ar\u00e1 fiscaliza\u00e7\u00e3o em trechos perigosos de sete estados<\/em><\/p>\n\n\n\n<p>Por Pedro Rafael Vilela &#8211; Rep\u00f3rter da Ag\u00eancia Brasil \/ Foto: Divulga\u00e7\u00e3o\/PRF<\/p>\n\n\n\n<p><\/p>\n\n\n\n<p>A Pol\u00edcia Rodovi\u00e1ria Federal (PRF) lan\u00e7ou nesta quarta-feira (19) a Opera\u00e7\u00e3o RodoVida &#8211; Carnaval 2025, que vai intensificar a fiscaliza\u00e7\u00e3o nas estradas federais do pa\u00eds durante o per\u00edodo de feriado prolongado. As a\u00e7\u00f5es come\u00e7am em 24 de fevereiro&nbsp;e v\u00e3o at\u00e9 6 de mar\u00e7o.<img decoding=\"async\" src=\"https:\/\/agenciabrasil.ebc.com.br\/ebc.png?id=1631124&amp;o=node\"><img decoding=\"async\" src=\"https:\/\/agenciabrasil.ebc.com.br\/ebc.gif?id=1631124&amp;o=node\"><\/p>\n\n\n\n<p>A fiscaliza\u00e7\u00e3o promete ser mais rigorosa, com um efetivo de 2,7 mil policias de forma simult\u00e2nea, podendo chegar a 3 mil nos dias e hor\u00e1rios considerados mais cr\u00edticos durante o carnaval. Foram mapeados os trechos mais perigosos e que registraram o maior \u00edndice de acidentes graves entre 2017 e 2024.<\/p>\n\n\n\n<p>&#8220;N\u00f3s fizemos uma an\u00e1lise criteriosa dos dados e identificamos 91 trechos cr\u00edticos de acidentes de tr\u00e2nsito neste mesmo per\u00edodo do ano, ao longo dos \u00faltimos anos. Mapeamos, nesses pontos, ocorr\u00eancias que nos d\u00e3o uma probabilidade de 50% de ocorrer novamente&#8221;, explicou diretor-geral da PRF, Ant\u00f4nio Fernando Oliveira, em coletiva de imprensa para apresentar os detalhes da opera\u00e7\u00e3o.<\/p>\n\n\n\n<p>Os trechos mais cr\u00edticos de rodovias cortam sete estados: Santa Catarina (22), Minas Gerais (16), S\u00e3o Paulo (11), Paran\u00e1 (10), Rio de Janeiro (10), Pernambuco (7) e Bahia (3). Agentes da PRF de 16 estados ser\u00e3o deslocados para concentrar a fiscaliza\u00e7\u00e3o nessas localidades mais perigosas. Uso de drones e equipes posicionadas em pontos estrat\u00e9gicos est\u00e3o inclu\u00eddos no planejamento da corpora\u00e7\u00e3o.<\/p>\n\n\n\n<h2 class=\"wp-block-heading\">Campanha de preven\u00e7\u00e3o<\/h2>\n\n\n\n<p>A fiscaliza\u00e7\u00e3o, este ano, receber\u00e1 o refor\u00e7o de uma campanha elaborada pela Secretaria Nacional sobre Drogas e Gest\u00e3o de Ativos (Senad), do Minist\u00e9rio da Justi\u00e7a e Seguran\u00e7a P\u00fablica. O objetivo, por meio da distribui\u00e7\u00e3o de materiais e realiza\u00e7\u00e3o de palestras, \u00e9 alertar e conscientizar a popula\u00e7\u00e3o em geral sobre os riscos associados ao uso de \u00e1lcool com dire\u00e7\u00e3o. A ideia \u00e9 dialogar n\u00e3o apenas com condutores, mas com a popula\u00e7\u00e3o em geral, inclusive pedestres, promovendo informa\u00e7\u00f5es sobre redu\u00e7\u00e3o de riscos e danos que adv\u00eam do consumo abusivo de \u00e1lcool e drogas, uma marca do per\u00edodo de carnaval.<\/p>\n\n\n\n<p>&#8220;A gente inaugura uma nova parceira, no campo da preven\u00e7\u00e3o, especificamente em rela\u00e7\u00e3o ao problema do consumo de \u00e1lcool em rodovias federais, que fica muito mais intenso e preocupante no per\u00edodo do carnaval&#8221;, explicou Marta Machado, titular da Senad.<\/p>\n\n\n\n<p>No ano passado, houve 3.855 acidentes de tr\u00e2nsito, com 194 mortes e mais de 3,1 mil feridos, decorrentes de situa\u00e7\u00f5es envolvendo embriaguez ao volante. No mesmo per\u00edodo, a PRF prendeu em flagrante mais de 4 mil motoristas alcoolizados. &nbsp;<br><\/p>\n","protected":false},"excerpt":{"rendered":"<p>Opera\u00e7\u00e3o refor\u00e7ar\u00e1 fiscaliza\u00e7\u00e3o em trechos perigosos de sete estados Por Pedro Rafael Vilela &#8211; Rep\u00f3rter<\/p>\n","protected":false},"author":2,"featured_media":99458,"comment_status":"open","ping_status":"open","sticky":false,"template":"","format":"standard","meta":{"footnotes":""},"categories":[17],"tags":[],"class_list":["post-99457","post","type-post","status-publish","format-standard","has-post-thumbnail","hentry","category-outras-noticias"],"_links":{"self":[{"href":"https:\/\/tvc16.com\/portal\/wp-json\/wp\/v2\/posts\/99457","targetHints":{"allow":["GET"]}}],"collection":[{"href":"https:\/\/tvc16.com\/portal\/wp-json\/wp\/v2\/posts"}],"about":[{"href":"https:\/\/tvc16.com\/portal\/wp-json\/wp\/v2\/types\/post"}],"author":[{"embeddable":true,"href":"https:\/\/tvc16.com\/portal\/wp-json\/wp\/v2\/users\/2"}],"replies":[{"embeddable":true,"href":"https:\/\/tvc16.com\/portal\/wp-json\/wp\/v2\/comments?post=99457"}],"version-history":[{"count":1,"href":"https:\/\/tvc16.com\/portal\/wp-json\/wp\/v2\/posts\/99457\/revisions"}],"predecessor-version":[{"id":99459,"href":"https:\/\/tvc16.com\/portal\/wp-json\/wp\/v2\/posts\/99457\/revisions\/99459"}],"wp:featuredmedia":[{"embeddable":true,"href":"https:\/\/tvc16.com\/portal\/wp-json\/wp\/v2\/media\/99458"}],"wp:attachment":[{"href":"https:\/\/tvc16.com\/portal\/wp-json\/wp\/v2\/media?parent=99457"}],"wp:term":[{"taxonomy":"category","embeddable":true,"href":"https:\/\/tvc16.com\/portal\/wp-json\/wp\/v2\/categories?post=99457"},{"taxonomy":"post_tag","embeddable":true,"href":"https:\/\/tvc16.com\/portal\/wp-json\/wp\/v2\/tags?post=99457"}],"curies":[{"name":"wp","href":"https:\/\/api.w.org\/{rel}","templated":true}]}}