{"id":99460,"date":"2025-02-20T08:32:26","date_gmt":"2025-02-20T11:32:26","guid":{"rendered":"https:\/\/tvc16.com\/portal\/?p=99460"},"modified":"2025-02-20T08:32:29","modified_gmt":"2025-02-20T11:32:29","slug":"rio-cria-canal-para-denuncias-de-trabalhadores-em-calor-extremo","status":"publish","type":"post","link":"https:\/\/tvc16.com\/portal\/2025\/02\/20\/rio-cria-canal-para-denuncias-de-trabalhadores-em-calor-extremo\/","title":{"rendered":"Rio cria canal para den\u00fancias de trabalhadores em calor extremo"},"content":{"rendered":"\n<p><em>Den\u00fancias podem ser feitas pelo n\u00famero (21) 98261-6266<\/em><\/p>\n\n\n\n<p>Por Ag\u00eancia Brasil \/ Foto: T\u00e2nia R\u00eago\/Ag\u00eancia Brasil<\/p>\n\n\n\n<p><\/p>\n\n\n\n<p>A&nbsp; Assembleia Legislativa do Estado do Rio de Janeiro (Alerj) anunciou hoje (19) a cria\u00e7\u00e3o de uma central de den\u00fancias voltada para trabalhadores que estejam em situa\u00e7\u00e3o de calor extremo. A iniciativa da Comiss\u00e3o de Trabalho, Legisla\u00e7\u00e3o Social e Seguridade foi motivada pelo&nbsp;<a href=\"https:\/\/agenciabrasil.ebc.com.br\/geral\/noticia\/2025-02\/calor-em-escolas-ainda-mais-extremo-nas-cozinhas-alerta-sindicato\" target=\"_blank\" rel=\"noreferrer noopener\">aumento de queixas sobre ambientes insalubres<\/a>, que comprometem sa\u00fade e bem-estar dos trabalhadores.&nbsp;<img decoding=\"async\" src=\"https:\/\/agenciabrasil.ebc.com.br\/ebc.png?id=1631098&amp;o=node\"><img decoding=\"async\" src=\"https:\/\/agenciabrasil.ebc.com.br\/ebc.gif?id=1631098&amp;o=node\"><\/p>\n\n\n\n<p>As den\u00fancias podem ser feitas pelo n\u00famero (21) 98261-6266. Al\u00e9m das quest\u00f5es de trabalho, o canal tamb\u00e9m pode receber reclama\u00e7\u00f5es sobre servi\u00e7os p\u00fablicos, transporte, locais e equipamentos p\u00fablicos em geral.<\/p>\n\n\n\n<p>\u201cO&nbsp;<a href=\"https:\/\/agenciabrasil.ebc.com.br\/geral\/noticia\/2025-02\/entenda-o-nivel-4-de%20calor-e-como-se-proteger-da-alta-temperatura\" target=\"_blank\" rel=\"noreferrer noopener\">calor extremo no Rio de Janeiro<\/a>&nbsp;tem colocado em risco a sa\u00fade e a dignidade de milhares de trabalhadores. N\u00e3o podemos permitir que pessoas sejam expostas a condi\u00e7\u00f5es insalubres que comprometem sua seguran\u00e7a e seu desempenho. A central de den\u00fancias vai mapear as&nbsp;<a href=\"http:\/\/xn--calor%20em%20escolas%20%20ainda%20mais%20extremo%20nas%20cozinhas,%20alerta%20sindicato-xth\/\" target=\"_blank\" rel=\"noreferrer noopener\">situa\u00e7\u00f5es mais cr\u00edticas&nbsp;<\/a>e cobrar provid\u00eancias urgentes das empresas e do poder p\u00fablico\u201d, disse a presidente do colegiado, deputada Dani Balbi (PCdoB).<\/p>\n\n\n\n<p>Hoje tamb\u00e9m foram protocolados tr\u00eas projetos de lei no&nbsp;<em>Di\u00e1rio Oficial do Legislativo<\/em>&nbsp;que estabelecem medidas para proteger trabalhadores em situa\u00e7\u00f5es insalubres devido ao clima.<\/p>\n\n\n\n<p>Dois deles s\u00e3o de autoria da deputada Dani Monteiro (Psol): o PL 4788\/2025, que pro\u00edbe o trabalho ao ar livre de agentes p\u00fablicos e terceirizados em dias de calor extremo; e o PL 4789\/2025, que autoriza a decreta\u00e7\u00e3o de ponto facultativo estadual em dias de calor extremo. O PL 4794\/25, de autoria da deputada Ver\u00f4nica Lima (PT), institui a Pol\u00edtica Estadual de Enfrentamento ao Calor Extremo no Estado do Rio de Janeiro.<br><\/p>\n","protected":false},"excerpt":{"rendered":"<p>Den\u00fancias podem ser feitas pelo n\u00famero (21) 98261-6266 Por Ag\u00eancia Brasil \/ Foto: T\u00e2nia R\u00eago\/Ag\u00eancia<\/p>\n","protected":false},"author":2,"featured_media":99461,"comment_status":"open","ping_status":"open","sticky":false,"template":"","format":"standard","meta":{"footnotes":""},"categories":[17],"tags":[],"class_list":["post-99460","post","type-post","status-publish","format-standard","has-post-thumbnail","hentry","category-outras-noticias"],"_links":{"self":[{"href":"https:\/\/tvc16.com\/portal\/wp-json\/wp\/v2\/posts\/99460","targetHints":{"allow":["GET"]}}],"collection":[{"href":"https:\/\/tvc16.com\/portal\/wp-json\/wp\/v2\/posts"}],"about":[{"href":"https:\/\/tvc16.com\/portal\/wp-json\/wp\/v2\/types\/post"}],"author":[{"embeddable":true,"href":"https:\/\/tvc16.com\/portal\/wp-json\/wp\/v2\/users\/2"}],"replies":[{"embeddable":true,"href":"https:\/\/tvc16.com\/portal\/wp-json\/wp\/v2\/comments?post=99460"}],"version-history":[{"count":1,"href":"https:\/\/tvc16.com\/portal\/wp-json\/wp\/v2\/posts\/99460\/revisions"}],"predecessor-version":[{"id":99462,"href":"https:\/\/tvc16.com\/portal\/wp-json\/wp\/v2\/posts\/99460\/revisions\/99462"}],"wp:featuredmedia":[{"embeddable":true,"href":"https:\/\/tvc16.com\/portal\/wp-json\/wp\/v2\/media\/99461"}],"wp:attachment":[{"href":"https:\/\/tvc16.com\/portal\/wp-json\/wp\/v2\/media?parent=99460"}],"wp:term":[{"taxonomy":"category","embeddable":true,"href":"https:\/\/tvc16.com\/portal\/wp-json\/wp\/v2\/categories?post=99460"},{"taxonomy":"post_tag","embeddable":true,"href":"https:\/\/tvc16.com\/portal\/wp-json\/wp\/v2\/tags?post=99460"}],"curies":[{"name":"wp","href":"https:\/\/api.w.org\/{rel}","templated":true}]}}