{"id":99463,"date":"2025-02-20T08:37:16","date_gmt":"2025-02-20T11:37:16","guid":{"rendered":"https:\/\/tvc16.com\/portal\/?p=99463"},"modified":"2025-02-20T08:37:19","modified_gmt":"2025-02-20T11:37:19","slug":"bombeiros-combatem-mais-de-500-incendios-no-rio-de-janeiro","status":"publish","type":"post","link":"https:\/\/tvc16.com\/portal\/2025\/02\/20\/bombeiros-combatem-mais-de-500-incendios-no-rio-de-janeiro\/","title":{"rendered":"Bombeiros combatem mais de 500 inc\u00eandios no Rio de Janeiro"},"content":{"rendered":"\n<p><em>Nos primeiros 45 dias do ano, foram mais de duas mil ocorr\u00eancias<\/em><\/p>\n\n\n\n<p>Por Ana Cristina Campos &#8211; Ag\u00eancia Brasil \/ Foto: Jader Souza\/AL Roraima<\/p>\n\n\n\n<p><\/p>\n\n\n\n<p>O Corpo de Bombeiros Militar do Estado do Rio de Janeiro (CBMERJ) foi acionado para mais de 560 ocorr\u00eancias de fogo em vegeta\u00e7\u00e3o, entre segunda (17) e ter\u00e7a-feira (18) em todo o estado. Foram mais de 2&nbsp;mil ocorr\u00eancias registradas pela corpora\u00e7\u00e3o nos primeiros 45 dias do ano de 2025. No mesmo per\u00edodo de 2024, 700 ocorr\u00eancias deste tipo foram atendidas pelos bombeiros.<img decoding=\"async\" src=\"https:\/\/agenciabrasil.ebc.com.br\/ebc.png?id=1631097&amp;o=node\"><img decoding=\"async\" src=\"https:\/\/agenciabrasil.ebc.com.br\/ebc.gif?id=1631097&amp;o=node\"><\/p>\n\n\n\n<p>\u201cEst\u00e1 bem at\u00edpica a quantidade de inc\u00eandios florestais que estamos enfrentando neste momento. No dia 17, combatemos 312 focos de inc\u00eandio florestal. Isso corresponde, quando comparado ao mesmo per\u00edodo do ano passado, a um aumento de mais de 370%. Os salvamentos mar\u00edtimos aumentaram em mais de 120%\u201d, disse o coronel Tarciso, comandante-geral do Corpo de Bombeiros e secret\u00e1rio da Defesa Civil.<\/p>\n\n\n\n<p>Segundo o Centro Estadual de Monitoramento e Alertas de Desastres Naturais (Cemaden-RJ), neste momento, o risco de inc\u00eandio florestal \u00e9 alto nas regi\u00f5es Sul, Baixada Fluminense e Serrana; e muito alto na capital e nas regi\u00f5es Metropolitana, Baixada Litor\u00e2nea, Norte e Noroeste.<\/p>\n\n\n\n<p>De acordo com o Alerta Rio, a&nbsp;quarta-feira (19)&nbsp;foi&nbsp;de c\u00e9u claro, podendo ficar parcialmente nublado, mas&nbsp;<a href=\"https:\/\/agenciabrasil.ebc.com.br\/geral\/noticia\/2025-02\/rio-registra-418degc-e-continua-sem-previsao-de-chuva-nos-proximos-dias\" target=\"_blank\" rel=\"noreferrer noopener\">sem previs\u00e3o de chuva<\/a>.&nbsp;Os ventos estar\u00e3o fracos a moderados, sendo mais intensos nos per\u00edodos da noite e as temperaturas apresentam leve decl\u00ednio em rela\u00e7\u00e3o ao dia anterior, por\u00e9m permanecem elevadas, com m\u00ednima prevista de 22\u00b0C e m\u00e1xima de 39\u00b0C.<\/p>\n\n\n\n<p>Desde segunda-feira (17), o&nbsp;<a href=\"https:\/\/agenciabrasil.ebc.com.br\/geral\/noticia\/2025-02\/cidade-do-rio-de-janeiro-atinge-nivel-4-de-calor-nesta-segunda-feira\" target=\"_blank\" rel=\"noreferrer noopener\">munic\u00edpio do Rio est\u00e1 no&nbsp;n\u00edvel de Calor 4<\/a>. Segundo a prefeitura, o Calor 4 \u00e9 marcado por \u00edndices de calor muito altos (40\u00b0C a 44\u00b0C), que se estendem por, ao menos, tr\u00eas dias consecutivos.<br><\/p>\n","protected":false},"excerpt":{"rendered":"<p>Nos primeiros 45 dias do ano, foram mais de duas mil ocorr\u00eancias Por Ana Cristina<\/p>\n","protected":false},"author":2,"featured_media":99464,"comment_status":"open","ping_status":"open","sticky":false,"template":"","format":"standard","meta":{"footnotes":""},"categories":[17],"tags":[],"class_list":["post-99463","post","type-post","status-publish","format-standard","has-post-thumbnail","hentry","category-outras-noticias"],"_links":{"self":[{"href":"https:\/\/tvc16.com\/portal\/wp-json\/wp\/v2\/posts\/99463","targetHints":{"allow":["GET"]}}],"collection":[{"href":"https:\/\/tvc16.com\/portal\/wp-json\/wp\/v2\/posts"}],"about":[{"href":"https:\/\/tvc16.com\/portal\/wp-json\/wp\/v2\/types\/post"}],"author":[{"embeddable":true,"href":"https:\/\/tvc16.com\/portal\/wp-json\/wp\/v2\/users\/2"}],"replies":[{"embeddable":true,"href":"https:\/\/tvc16.com\/portal\/wp-json\/wp\/v2\/comments?post=99463"}],"version-history":[{"count":1,"href":"https:\/\/tvc16.com\/portal\/wp-json\/wp\/v2\/posts\/99463\/revisions"}],"predecessor-version":[{"id":99465,"href":"https:\/\/tvc16.com\/portal\/wp-json\/wp\/v2\/posts\/99463\/revisions\/99465"}],"wp:featuredmedia":[{"embeddable":true,"href":"https:\/\/tvc16.com\/portal\/wp-json\/wp\/v2\/media\/99464"}],"wp:attachment":[{"href":"https:\/\/tvc16.com\/portal\/wp-json\/wp\/v2\/media?parent=99463"}],"wp:term":[{"taxonomy":"category","embeddable":true,"href":"https:\/\/tvc16.com\/portal\/wp-json\/wp\/v2\/categories?post=99463"},{"taxonomy":"post_tag","embeddable":true,"href":"https:\/\/tvc16.com\/portal\/wp-json\/wp\/v2\/tags?post=99463"}],"curies":[{"name":"wp","href":"https:\/\/api.w.org\/{rel}","templated":true}]}}