{"id":99467,"date":"2025-02-20T09:10:42","date_gmt":"2025-02-20T12:10:42","guid":{"rendered":"https:\/\/tvc16.com\/portal\/?p=99467"},"modified":"2025-02-20T09:10:44","modified_gmt":"2025-02-20T12:10:44","slug":"maratona-do-ciee-tem-mais-de-22-mil-vagas-de-estagio-e-aprendizagem","status":"publish","type":"post","link":"https:\/\/tvc16.com\/portal\/2025\/02\/20\/maratona-do-ciee-tem-mais-de-22-mil-vagas-de-estagio-e-aprendizagem\/","title":{"rendered":"Maratona do CIEE tem mais de 22 mil vagas de est\u00e1gio e aprendizagem"},"content":{"rendered":"\n<p><em>S\u00e3o Paulo concentra maior n\u00famero de oportunidades<\/em><\/p>\n\n\n\n<p>Por Ag\u00eancia Brasil \/ Foto: Marcello Casal jr\/Ag\u00eancia Brasil<\/p>\n\n\n\n<p><\/p>\n\n\n\n<p>Nesta quinta-feira (20), jovens e estudantes de quase todos os estados brasileiros poder\u00e3o se inscrever para vagas de est\u00e1gio e de aprendizagem que ser\u00e3o oferecidas durante a Maratona de Vagas CIEE. O evento promovido pelo Centro de Integra\u00e7\u00e3o Empresa-Escola (CIEE) \u00e9 gratuito e oferece disponibiliza 22,3 mil vagas.<img decoding=\"async\" src=\"https:\/\/agenciabrasil.ebc.com.br\/ebc.png?id=1631067&amp;o=node\"><img decoding=\"async\" src=\"https:\/\/agenciabrasil.ebc.com.br\/ebc.gif?id=1631067&amp;o=node\"><\/p>\n\n\n\n<p>Do total de vagas oferecidas, cerca de 8,2 mil s\u00e3o oportunidades para est\u00e1gio; 3,4 mil, para o programa de aprendizagem; e 10,2 mil oportunidades oriundas de processos seletivos p\u00fablicos.<\/p>\n\n\n\n<p>O estado de S\u00e3o Paulo re\u00fane o maior volume de ocupa\u00e7\u00f5es, contando com 16,4 mil oportunidades, sendo 11,6 mil apenas na capital. J\u00e1 o Distrito Federal acumula 1,7 mil ofertas de est\u00e1gio e aprendizagem, seguido por Bahia (662), Fortaleza (408) e Goi\u00e2nia (355).<\/p>\n\n\n\n<p>De acordo com levantamento do CIEE, as \u00e1reas com maior n\u00famero de oportunidades dentro do programa de est\u00e1gio s\u00e3o: administra\u00e7\u00e3o, direito,<em>&nbsp;marketing<\/em>, contabilidade, constru\u00e7\u00e3o civil, tecnologia e comunica\u00e7\u00e3o social. J\u00e1 em aprendizagem, os cursos de capacita\u00e7\u00e3o com maior volume de vagas s\u00e3o para as \u00e1reas de administra\u00e7\u00e3o, vendas, varejo, log\u00edstica e produ\u00e7\u00e3o.<\/p>\n\n\n\n<p>Para se candidatar \u00e0s vagas, o jovem deve comparecer a um dos mais de 90 postos de atendimento espalhados em 20 estados brasileiros que v\u00e3o funcionar durante a maratona. A maratona&nbsp; ocorre entre as 9h e as 15h de amanh\u00e3.<\/p>\n\n\n\n<p>Antes de se dirigir ao local, os interessados devem acessar a&nbsp;<a href=\"https:\/\/portal.ciee.org.br\/maratona-de-vagas\/\" target=\"_blank\" rel=\"noreferrer noopener\">p\u00e1gina do CIEE<\/a>&nbsp;para encontrar a unidade mais pr\u00f3xima&nbsp;de sua resid\u00eancia. Para construir o perfil pessoal, \u00e9 recomendado que os jovens tenham em m\u00e3os um comprovante de resid\u00eancia (que pode estar no nome dos pais ou parentes pr\u00f3ximos), al\u00e9m de RG e CPF.<\/p>\n\n\n\n<h2 class=\"wp-block-heading\">Capital paulista<\/h2>\n\n\n\n<p>Na capital paulista, haver\u00e1 aplica\u00e7\u00e3o de provas e entrevistas ao longo da a\u00e7\u00e3o. Ao chegarem \u00e0 sede da institui\u00e7\u00e3o, localizada no Itaim Bibi, os candidatos passar\u00e3o por uma triagem entre os j\u00e1 se cadastrados no&nbsp;<em>site&nbsp;<\/em>do CIEE e os que ainda n\u00e3o t\u00eam cadastro.<\/p>\n\n\n\n<p>Ap\u00f3s a triagem inicial e compatibilidade com uma das vagas dispon\u00edveis, os interessados ser\u00e3o direcionados ao Edif\u00edcio Integra\u00e7\u00e3o do CIEE, localizado ao lado da sede. Nesse local, ser\u00e1 poss\u00edvel fazer provas dos processos seletivos p\u00fablicos e tamb\u00e9m passar por entrevistas.<\/p>\n\n\n\n<h2 class=\"wp-block-heading\">Espro<\/h2>\n\n\n\n<p>J\u00e1 a ONG Espro (Ensino Social Profissionalizante) est\u00e1 oferecendo 22.500 novas vagas de emprego tamb\u00e9m para todo o Brasil. S\u00e3o 20 mil vagas no Programa de Aprendizagem Profissional (Jovem Aprendiz), que tem parcerias com mais de 1,5 mil empresas, e 2,5 mil vagas no programa de est\u00e1gio, por meio de conv\u00eanios com institui\u00e7\u00f5es de ensino no pa\u00eds.<\/p>\n\n\n\n<p>As oportunidades s\u00e3o voltadas para jovens de 14 a 24 anos de idade. As vagas j\u00e1 est\u00e3o abertas, e os interessados podem se candidatar durante o ano todo. Mais informa\u00e7\u00f5es pode ser obtidas no&nbsp;<a href=\"http:\/\/www.espro.org.br\/\" target=\"_blank\" rel=\"noreferrer noopener\"><em>site<\/em>&nbsp;da entidade<\/a>.<br><\/p>\n","protected":false},"excerpt":{"rendered":"<p>S\u00e3o Paulo concentra maior n\u00famero de oportunidades Por Ag\u00eancia Brasil \/ Foto: Marcello Casal jr\/Ag\u00eancia<\/p>\n","protected":false},"author":2,"featured_media":99468,"comment_status":"open","ping_status":"open","sticky":false,"template":"","format":"standard","meta":{"footnotes":""},"categories":[17],"tags":[],"class_list":["post-99467","post","type-post","status-publish","format-standard","has-post-thumbnail","hentry","category-outras-noticias"],"_links":{"self":[{"href":"https:\/\/tvc16.com\/portal\/wp-json\/wp\/v2\/posts\/99467","targetHints":{"allow":["GET"]}}],"collection":[{"href":"https:\/\/tvc16.com\/portal\/wp-json\/wp\/v2\/posts"}],"about":[{"href":"https:\/\/tvc16.com\/portal\/wp-json\/wp\/v2\/types\/post"}],"author":[{"embeddable":true,"href":"https:\/\/tvc16.com\/portal\/wp-json\/wp\/v2\/users\/2"}],"replies":[{"embeddable":true,"href":"https:\/\/tvc16.com\/portal\/wp-json\/wp\/v2\/comments?post=99467"}],"version-history":[{"count":1,"href":"https:\/\/tvc16.com\/portal\/wp-json\/wp\/v2\/posts\/99467\/revisions"}],"predecessor-version":[{"id":99469,"href":"https:\/\/tvc16.com\/portal\/wp-json\/wp\/v2\/posts\/99467\/revisions\/99469"}],"wp:featuredmedia":[{"embeddable":true,"href":"https:\/\/tvc16.com\/portal\/wp-json\/wp\/v2\/media\/99468"}],"wp:attachment":[{"href":"https:\/\/tvc16.com\/portal\/wp-json\/wp\/v2\/media?parent=99467"}],"wp:term":[{"taxonomy":"category","embeddable":true,"href":"https:\/\/tvc16.com\/portal\/wp-json\/wp\/v2\/categories?post=99467"},{"taxonomy":"post_tag","embeddable":true,"href":"https:\/\/tvc16.com\/portal\/wp-json\/wp\/v2\/tags?post=99467"}],"curies":[{"name":"wp","href":"https:\/\/api.w.org\/{rel}","templated":true}]}}