{"id":9948,"date":"2021-01-28T23:27:54","date_gmt":"2021-01-29T02:27:54","guid":{"rendered":"https:\/\/tvc16.com\/portal\/?p=9948"},"modified":"2021-01-28T23:27:57","modified_gmt":"2021-01-29T02:27:57","slug":"decreto-municipal-que-sera-publicado-neste-sabado-30-no-diario-oficial-vai-nortear-a-volta-as-aulas-em-petropolis","status":"publish","type":"post","link":"https:\/\/tvc16.com\/portal\/2021\/01\/28\/decreto-municipal-que-sera-publicado-neste-sabado-30-no-diario-oficial-vai-nortear-a-volta-as-aulas-em-petropolis\/","title":{"rendered":"Decreto municipal que ser\u00e1 publicado neste s\u00e1bado (30) no Di\u00e1rio Oficial vai nortear a volta \u00e0s aulas em Petr\u00f3polis"},"content":{"rendered":"\n<p><\/p>\n\n\n\n<p>Segundo o prefeito interino Hingo Hammes, que se reuniu pela manh\u00e3 com representantes da Secretaria Municipal de Educa\u00e7\u00e3o, Sepe, Sinpro, C\u00e2mara de Vereadores e outras entidades representativas do setor educacional, o texto do documento ser\u00e1 discutido em nova reuni\u00e3o a ser realizada nesta sexta-feira (29). O encontro ter\u00e1 a participa\u00e7\u00e3o de nomes da \u00e1rea t\u00e9cnica da Sa\u00fade e de representantes de escolas particulares.<\/p>\n\n\n\n<p>O decreto trar\u00e1 informa\u00e7\u00f5es sobre previs\u00e3o de retorno das aulas presenciais nas escolas p\u00fablicas, privadas e tamb\u00e9m em universidades. \u201cEsta discuss\u00e3o tem que ser feita de maneira respons\u00e1vel, visando proteger profissionais da educa\u00e7\u00e3o e seus familiares, mas tamb\u00e9m os estudantes. Estamos escutando profissionais de diferentes \u00e1reas e buscando solu\u00e7\u00f5es. Temos grande preocupa\u00e7\u00e3o com a sa\u00fade mental destas crian\u00e7as e adolescentes e tamb\u00e9m com toda a quest\u00e3o social que envolve este tema\u201d, afirmou o prefeito interino.<\/p>\n\n\n\n<p>A reuni\u00e3o realizada nesta quinta-feira (28) contou com a participa\u00e7\u00e3o do presidente da C\u00e2mara em exerc\u00edcio, Fred Proc\u00f3pio, do presidente da Comiss\u00e3o de Educa\u00e7\u00e3o da C\u00e2mara, Yuri Moura, e da vereadora Gilda Beatriz, que tamb\u00e9m \u00e9 membro da comiss\u00e3o, Rose da Silveira, que \u00e9 representante do SEPE e conselheira do COMED e Frederico Luiz Marmo Fadini, presidente do Sinpro.<\/p>\n\n\n\n<figure class=\"wp-block-image size-large\"><img decoding=\"async\" src=\"https:\/\/tvc16.com\/portal\/wp-content\/uploads\/2021\/01\/IMG-20210128-WA0099-1024x487.jpg\" alt=\"\" class=\"wp-image-9950\"\/><\/figure>\n","protected":false},"excerpt":{"rendered":"<p>Segundo o prefeito interino Hingo Hammes, que se reuniu pela manh\u00e3 com representantes da Secretaria<\/p>\n","protected":false},"author":2,"featured_media":0,"comment_status":"open","ping_status":"open","sticky":false,"template":"","format":"standard","meta":{"footnotes":""},"categories":[12],"tags":[],"class_list":["post-9948","post","type-post","status-publish","format-standard","hentry","category-cidade"],"_links":{"self":[{"href":"https:\/\/tvc16.com\/portal\/wp-json\/wp\/v2\/posts\/9948","targetHints":{"allow":["GET"]}}],"collection":[{"href":"https:\/\/tvc16.com\/portal\/wp-json\/wp\/v2\/posts"}],"about":[{"href":"https:\/\/tvc16.com\/portal\/wp-json\/wp\/v2\/types\/post"}],"author":[{"embeddable":true,"href":"https:\/\/tvc16.com\/portal\/wp-json\/wp\/v2\/users\/2"}],"replies":[{"embeddable":true,"href":"https:\/\/tvc16.com\/portal\/wp-json\/wp\/v2\/comments?post=9948"}],"version-history":[{"count":1,"href":"https:\/\/tvc16.com\/portal\/wp-json\/wp\/v2\/posts\/9948\/revisions"}],"predecessor-version":[{"id":9951,"href":"https:\/\/tvc16.com\/portal\/wp-json\/wp\/v2\/posts\/9948\/revisions\/9951"}],"wp:attachment":[{"href":"https:\/\/tvc16.com\/portal\/wp-json\/wp\/v2\/media?parent=9948"}],"wp:term":[{"taxonomy":"category","embeddable":true,"href":"https:\/\/tvc16.com\/portal\/wp-json\/wp\/v2\/categories?post=9948"},{"taxonomy":"post_tag","embeddable":true,"href":"https:\/\/tvc16.com\/portal\/wp-json\/wp\/v2\/tags?post=9948"}],"curies":[{"name":"wp","href":"https:\/\/api.w.org\/{rel}","templated":true}]}}