{"id":99489,"date":"2025-02-21T05:00:00","date_gmt":"2025-02-21T08:00:00","guid":{"rendered":"https:\/\/tvc16.com\/portal\/?p=99489"},"modified":"2025-02-20T11:43:01","modified_gmt":"2025-02-20T14:43:01","slug":"comercio-de-petropolis-registra-avanco-em-2024-mas-mantem-cautela-para-este-ano","status":"publish","type":"post","link":"https:\/\/tvc16.com\/portal\/2025\/02\/21\/comercio-de-petropolis-registra-avanco-em-2024-mas-mantem-cautela-para-este-ano\/","title":{"rendered":"Com\u00e9rcio de Petr\u00f3polis registra avan\u00e7o em 2024, mas mant\u00e9m cautela para este ano"},"content":{"rendered":"\n<p><em>Lojistas em Petr\u00f3polis ainda encontram dificuldades para crescer no ritmo nacional<\/em><\/p>\n\n\n\n<p>O com\u00e9rcio varejista brasileiro registrou um avan\u00e7o de 4,7% em 2024 em compara\u00e7\u00e3o ao ano anterior, marcando o maior crescimento desde 2012, quando o setor apresentou uma alta de 8,4%. Os dados s\u00e3o da Pesquisa Mensal do Com\u00e9rcio (PMC), divulgada pelo Instituto Brasileiro de Geografia e Estat\u00edstica (IBGE). Entretanto, as perspectivas para 2025 s\u00e3o mais cautelosas. A Confedera\u00e7\u00e3o Nacional de Dirigentes Lojistas (CNDL) destaca que, apesar da resili\u00eancia demonstrada pelo setor nos \u00faltimos anos, h\u00e1 preocupa\u00e7\u00f5es quanto ao impacto da alta da taxa de juros e da valoriza\u00e7\u00e3o do d\u00f3lar sobre o consumo. Com carteira de mais de 16 mil empregados, o com\u00e9rcio em Petr\u00f3polis n\u00e3o registra o mesmo crescimento do restante do pa\u00eds, segundo a C\u00e2mara de Dirigentes Lojistas de Petr\u00f3polis.<\/p>\n\n\n\n<p>Os segmentos que mais impulsionaram esse desempenho foram artigos farmac\u00eauticos, m\u00e9dicos, ortop\u00e9dicos e de perfumaria, com um aumento expressivo de 14,2%, seguidos por ve\u00edculos e motos, partes e pe\u00e7as, que cresceram 11,7%. Outros setores tamb\u00e9m registraram bons resultados, como artigos de uso pessoal e dom\u00e9stico (7,1%), material de constru\u00e7\u00e3o (4,7%) e hiper e supermercados, produtos aliment\u00edcios, bebidas e fumo (4,6%). O saldo positivo indica que 2024 foi um ano de expans\u00e3o para o varejo nacional.<\/p>\n\n\n\n<p>&#8220;O com\u00e9rcio tem demonstrado sua for\u00e7a, mas h\u00e1 um cen\u00e1rio econ\u00f4mico mais desafiador pela frente, especialmente para os segmentos que dependem de cr\u00e9dito&#8221;, explica Claudio Mohammad, presidente da CDL Petr\u00f3polis.<\/p>\n\n\n\n<p>A taxa Selic, atualmente em 13,25%, imp\u00f5e um custo elevado ao cr\u00e9dito, tornando financiamentos e parcelamentos menos acess\u00edveis para os consumidores. A inadimpl\u00eancia e o endividamento, j\u00e1 em patamares altos, dificultam ainda mais a aquisi\u00e7\u00e3o de bens dur\u00e1veis. Al\u00e9m disso, a desvaloriza\u00e7\u00e3o do real, que acumulou uma queda de 21,82% em 2024 e chegou a R$ 6,18 por d\u00f3lar, encarece produtos importados e pressiona a infla\u00e7\u00e3o, reduzindo o poder de compra da popula\u00e7\u00e3o.<\/p>\n\n\n\n<p>Em Petr\u00f3polis, o varejo n\u00e3o acompanhou o ritmo de crescimento nacional. Mesmo com um desempenho positivo em setores espec\u00edficos, a economia local ainda sente os impactos da recupera\u00e7\u00e3o p\u00f3s-pandemia, al\u00e9m de desafios estruturais que dificultam uma retomada mais expressiva. &#8220;O com\u00e9rcio petropolitano enfrenta um cen\u00e1rio diferente do restante do pa\u00eds, com oscila\u00e7\u00f5es na demanda e a necessidade de estrat\u00e9gias mais assertivas para atrair consumidores&#8221;, avalia Mohammad.<\/p>\n\n\n\n<p>Diante desse quadro, a recomenda\u00e7\u00e3o \u00e9 de que o varejo adote uma postura estrat\u00e9gica para 2025. A digitaliza\u00e7\u00e3o, a personaliza\u00e7\u00e3o da experi\u00eancia do consumidor e o uso de intelig\u00eancia artificial s\u00e3o apontados como tend\u00eancias fundamentais para a adapta\u00e7\u00e3o ao novo comportamento de compra. Al\u00e9m disso, datas comemorativas e per\u00edodos sazonais devem ser aproveitados como oportunidades para alavancar as vendas.<\/p>\n\n\n\n<p>\u201cEmbora 2024 tenha sido um ano de recupera\u00e7\u00e3o para o setor, os desafios econ\u00f4micos previstos para 2025 exigem planejamento e inova\u00e7\u00e3o. O com\u00e9rcio varejista precisar\u00e1 se reinventar para manter sua competitividade e garantir crescimento sustent\u00e1vel nos pr\u00f3ximos anos\u201d, completa Cl\u00e1udio Mohammad.<\/p>\n","protected":false},"excerpt":{"rendered":"<p>Lojistas em Petr\u00f3polis ainda encontram dificuldades para crescer no ritmo nacional O com\u00e9rcio varejista brasileiro<\/p>\n","protected":false},"author":2,"featured_media":99490,"comment_status":"open","ping_status":"open","sticky":false,"template":"","format":"standard","meta":{"footnotes":""},"categories":[12],"tags":[],"class_list":["post-99489","post","type-post","status-publish","format-standard","has-post-thumbnail","hentry","category-cidade"],"_links":{"self":[{"href":"https:\/\/tvc16.com\/portal\/wp-json\/wp\/v2\/posts\/99489","targetHints":{"allow":["GET"]}}],"collection":[{"href":"https:\/\/tvc16.com\/portal\/wp-json\/wp\/v2\/posts"}],"about":[{"href":"https:\/\/tvc16.com\/portal\/wp-json\/wp\/v2\/types\/post"}],"author":[{"embeddable":true,"href":"https:\/\/tvc16.com\/portal\/wp-json\/wp\/v2\/users\/2"}],"replies":[{"embeddable":true,"href":"https:\/\/tvc16.com\/portal\/wp-json\/wp\/v2\/comments?post=99489"}],"version-history":[{"count":1,"href":"https:\/\/tvc16.com\/portal\/wp-json\/wp\/v2\/posts\/99489\/revisions"}],"predecessor-version":[{"id":99491,"href":"https:\/\/tvc16.com\/portal\/wp-json\/wp\/v2\/posts\/99489\/revisions\/99491"}],"wp:featuredmedia":[{"embeddable":true,"href":"https:\/\/tvc16.com\/portal\/wp-json\/wp\/v2\/media\/99490"}],"wp:attachment":[{"href":"https:\/\/tvc16.com\/portal\/wp-json\/wp\/v2\/media?parent=99489"}],"wp:term":[{"taxonomy":"category","embeddable":true,"href":"https:\/\/tvc16.com\/portal\/wp-json\/wp\/v2\/categories?post=99489"},{"taxonomy":"post_tag","embeddable":true,"href":"https:\/\/tvc16.com\/portal\/wp-json\/wp\/v2\/tags?post=99489"}],"curies":[{"name":"wp","href":"https:\/\/api.w.org\/{rel}","templated":true}]}}