{"id":99492,"date":"2025-02-21T08:00:00","date_gmt":"2025-02-21T11:00:00","guid":{"rendered":"https:\/\/tvc16.com\/portal\/?p=99492"},"modified":"2025-02-20T11:47:53","modified_gmt":"2025-02-20T14:47:53","slug":"firjan-serrana-apresenta-ao-prefeito-de-petropolis-agenda-de-propostas-para-desenvolvimento-regional","status":"publish","type":"post","link":"https:\/\/tvc16.com\/portal\/2025\/02\/21\/firjan-serrana-apresenta-ao-prefeito-de-petropolis-agenda-de-propostas-para-desenvolvimento-regional\/","title":{"rendered":"Firjan Serrana apresenta ao prefeito de Petr\u00f3polis agenda de propostas para desenvolvimento regional"},"content":{"rendered":"\n<p>Com objetivo de promover o crescimento econ\u00f4mico de Petr\u00f3polis e regi\u00e3o, a Firjan Serrana realizou um encontro com o prefeito Hingo Hammes e empres\u00e1rios de diversos setores da ind\u00fastria nesta quarta-feira (19\/02) em sua sede na cidade imperial. Na ocasi\u00e3o, o Conselho Empresarial realizou a entrega da\u00a0\u201cAgenda de Propostas Regionais para um Brasil 4.0 &#8211; Regi\u00e3o Serrana\u201d,\u00a0com medidas e a\u00e7\u00f5es adaptadas \u00e0s necessidades da Regi\u00e3o Serrana, elaborado a partir da escuta de empres\u00e1rios para apoiar a gest\u00e3o municipal na identifica\u00e7\u00e3o das prioridades para o desenvolvimento atrav\u00e9s do fomento \u00e0 competitividade e \u00e0 produtividade da ind\u00fastria fluminense. Entre os temas destacam-se os desafios de infraestrutura e seguran\u00e7a p\u00fablica. \u00a0<\/p>\n\n\n\n<p>\u201c\u00c9 uma contribui\u00e7\u00e3o muito rica, das pessoas que vivem o dia a dia da cidade e conhecem as dificuldades. A Firjan \u00e9 parceira e quer contribuir para o avan\u00e7o da regi\u00e3o\u201d, ressaltou&nbsp;<strong>Luiz C\u00e9sio Caetano, presidente da Firjan.&nbsp;<\/strong><br><br>\u201cGrande parte das propostas apresentadas est\u00e3o alinhadas com o nosso plano de governo, especialmente as relacionadas a quest\u00f5es de infraestrutura, e temos a\u00e7\u00f5es programadas nestes temas apresentados. O nosso objetivo \u00e9 fazer uma cidade melhor, unindo todas as for\u00e7as para avan\u00e7ar\u201d, disse o&nbsp;<strong>prefeito de Petr\u00f3polis,&nbsp;Hingo Hammes.<\/strong><\/p>\n\n\n\n<p><strong>Propostas priorit\u00e1rias para o crescimento regional<\/strong><\/p>\n\n\n\n<p>A seguran\u00e7a p\u00fablica \u00e9 um dos pontos centrais de discuss\u00e3o, visto que o combate ao roubo de cargas e a intensifica\u00e7\u00e3o do policiamento nas \u00e1reas industriais s\u00e3o cruciais para reduzir custos e atrair mais neg\u00f3cios. A proposta da federa\u00e7\u00e3o \u00e9 atuar junto ao governo estadual para melhorar a seguran\u00e7a nas vias de acesso \u00e0 regi\u00e3o, em particular a Avenida Brasil, a Linha Vermelha, BR-040, o Arco Metropolitano e a BR-116 (Dutra). &nbsp;<br><br>&#8220;Apesar de Petr\u00f3polis ser uma das cidades mais seguras do estado, a seguran\u00e7a p\u00fablica continua sendo uma de nossas maiores preocupa\u00e7\u00f5es e um importante desafio em todo o Rio de Janeiro. Al\u00e9m do imensur\u00e1vel custo humano, a inseguran\u00e7a gera preju\u00edzos enormes para toda a sociedade e para o ambiente de neg\u00f3cios\u201d, afirma J\u00falio Talon, presidente da Firjan Serrana.&nbsp;<br><br>Os desafios de infraestrutura tamb\u00e9m foram amplamente discutidos, principalmente, o projeto de concess\u00e3o da BR-040, um importante pleito para a regi\u00e3o, por se tratar de uma rodovia essencial para a log\u00edstica intermunicipal e interestadual.&nbsp;<br><br>\u201cPrecisamos atuar junto ao governo federal para concluir a relicita\u00e7\u00e3o da BR-040 na Serra de Petr\u00f3polis, garantindo na nova concess\u00e3o a constru\u00e7\u00e3o da nova pista de subida, adequa\u00e7\u00e3o dos acessos \u00e0s \u00e1reas industriais, principalmente ao Distrito da Posse, e constru\u00e7\u00e3o da nova liga\u00e7\u00e3o entre Bingen e Quitandinha. O edital foi publicado em janeiro e o leil\u00e3o est\u00e1 previsto para abril, e \u00e9 essencial que a Prefeitura de Petr\u00f3polis continue atuante no assunto\u201d, acrescentou Talon.&nbsp;<br>&nbsp;<br><\/p>\n\n\n\n<p><strong>Energia e sustentabilidade para o desenvolvimento<\/strong><\/p>\n\n\n\n<p>O fornecimento de energia el\u00e9trica, crucial para a produtividade industrial, foi outro tema de destaque. Com relatos frequentes de oscila\u00e7\u00f5es, a proposta \u00e9 melhorar a estabilidade do servi\u00e7o, com o apoio das concession\u00e1rias, especialmente nas \u00e1reas industriais. Medidas preventivas, como o planejamento de podas de vegeta\u00e7\u00e3o pr\u00f3ximas \u00e0s redes el\u00e9tricas, foram recomendadas para garantir o abastecimento cont\u00ednuo.<br><br>Na \u00e1rea de sustentabilidade e saneamento, a Firjan defendeu amplia\u00e7\u00e3o da rede de Centros de Tratamento de Res\u00edduos urbanos e industriais e a instala\u00e7\u00e3o de unidades locais de triagem p\u00f3s-coleta e reciclagem para aumentar a destina\u00e7\u00e3o adequada de res\u00edduos e o seu reaproveitamento. Al\u00e9m disso, a federa\u00e7\u00e3o prop\u00f5e a ado\u00e7\u00e3o de pr\u00e1ticas ambientalmente sustent\u00e1veis, a descarboniza\u00e7\u00e3o da economia e a preven\u00e7\u00e3o de eventos clim\u00e1ticos deve ser um direcionador para os governos.&nbsp;&nbsp;<br>&nbsp;<br><\/p>\n\n\n\n<p><strong>Ordenamento Urbano em pauta&nbsp;<\/strong><br>&nbsp;<br>O planejamento territorial \u00e9 essencial para que os munic\u00edpios potencializem o crescimento econ\u00f4mico e o desenvolvimento social. Por isso, a proposta da Firjan \u00e9 a revis\u00e3o e adequa\u00e7\u00e3o dos Planos Diretores Municipais, visando a melhoria do ordenamento urbano, o acesso democr\u00e1tico ao solo urbano e o acesso \u00e0 moradia para a popula\u00e7\u00e3o vulner\u00e1vel em \u00e1reas habit\u00e1veis, al\u00e9m da atua\u00e7\u00e3o junto aos \u00f3rg\u00e3os competentes para impedir a ocupa\u00e7\u00e3o irregular, em especial nas \u00e1reas industriais e seus entornos e a adequa\u00e7\u00e3o da infraestrutura de transporte, saneamento, energia e telecomunica\u00e7\u00e3o nas \u00e1reas perif\u00e9ricas.&nbsp;<br><br>Tamb\u00e9m participaram do encontro na Firjan Serrana o vice-prefeito de Petr\u00f3polis, Albano Filho, e o secret\u00e1rio municipal de Desenvolvimento Econ\u00f4mico, Samir El Ghaoui.<\/p>\n","protected":false},"excerpt":{"rendered":"<p>Com objetivo de promover o crescimento econ\u00f4mico de Petr\u00f3polis e regi\u00e3o, a Firjan Serrana realizou<\/p>\n","protected":false},"author":2,"featured_media":99493,"comment_status":"open","ping_status":"open","sticky":false,"template":"","format":"standard","meta":{"footnotes":""},"categories":[12],"tags":[],"class_list":["post-99492","post","type-post","status-publish","format-standard","has-post-thumbnail","hentry","category-cidade"],"_links":{"self":[{"href":"https:\/\/tvc16.com\/portal\/wp-json\/wp\/v2\/posts\/99492","targetHints":{"allow":["GET"]}}],"collection":[{"href":"https:\/\/tvc16.com\/portal\/wp-json\/wp\/v2\/posts"}],"about":[{"href":"https:\/\/tvc16.com\/portal\/wp-json\/wp\/v2\/types\/post"}],"author":[{"embeddable":true,"href":"https:\/\/tvc16.com\/portal\/wp-json\/wp\/v2\/users\/2"}],"replies":[{"embeddable":true,"href":"https:\/\/tvc16.com\/portal\/wp-json\/wp\/v2\/comments?post=99492"}],"version-history":[{"count":1,"href":"https:\/\/tvc16.com\/portal\/wp-json\/wp\/v2\/posts\/99492\/revisions"}],"predecessor-version":[{"id":99494,"href":"https:\/\/tvc16.com\/portal\/wp-json\/wp\/v2\/posts\/99492\/revisions\/99494"}],"wp:featuredmedia":[{"embeddable":true,"href":"https:\/\/tvc16.com\/portal\/wp-json\/wp\/v2\/media\/99493"}],"wp:attachment":[{"href":"https:\/\/tvc16.com\/portal\/wp-json\/wp\/v2\/media?parent=99492"}],"wp:term":[{"taxonomy":"category","embeddable":true,"href":"https:\/\/tvc16.com\/portal\/wp-json\/wp\/v2\/categories?post=99492"},{"taxonomy":"post_tag","embeddable":true,"href":"https:\/\/tvc16.com\/portal\/wp-json\/wp\/v2\/tags?post=99492"}],"curies":[{"name":"wp","href":"https:\/\/api.w.org\/{rel}","templated":true}]}}