{"id":99495,"date":"2025-02-22T06:00:00","date_gmt":"2025-02-22T09:00:00","guid":{"rendered":"https:\/\/tvc16.com\/portal\/?p=99495"},"modified":"2025-02-20T11:58:40","modified_gmt":"2025-02-20T14:58:40","slug":"carnaval-baile-do-preto-e-branco-acontece-neste-sabado-em-petropolis","status":"publish","type":"post","link":"https:\/\/tvc16.com\/portal\/2025\/02\/22\/carnaval-baile-do-preto-e-branco-acontece-neste-sabado-em-petropolis\/","title":{"rendered":"Carnaval: Baile do Preto e Branco acontece neste s\u00e1bado em Petr\u00f3polis"},"content":{"rendered":"\n<p>Est\u00e1 dada a largada para a temporada de carnaval em Petr\u00f3polis! O mais tradicional baile da cidade, o Baile do Preto e Branco, acontece neste s\u00e1bado, 22, a partir das 22h, no Clube Petropolitano, e tem ingressos \u00e0 venda, no 5\u00ba lote, a partir de R$80. O evento possui classifica\u00e7\u00e3o de 18 anos e exige traje preto ou branco, inclusive cal\u00e7ados e adere\u00e7os.<\/p>\n\n\n\n<p>Desta vez, o maior evento pr\u00e9-carnavalesco de Petr\u00f3polis trar\u00e1 a escola Acad\u00eamicos do Grande Rio, que vir\u00e1 em peso com seus ritmistas, int\u00e9rpretes, passistas, baianas, mestre-sala e porta-bandeira. Tamb\u00e9m estar\u00e3o presentes a famosa Roda de Samba da Pedra do Sal e o Baile do Zen, que prometem encantar o p\u00fablico com apresenta\u00e7\u00f5es animadas e inesquec\u00edveis. Al\u00e9m disso, em uma parceria in\u00e9dita, o sal\u00e3o anexo receber\u00e1 o \u201cSom Petr\u00f4\u201d, que ir\u00e1 embalar a festa ao som de cl\u00e1ssicos dos anos 80.<\/p>\n\n\n\n<pre class=\"wp-block-code\"><code>Os ingressos para o Preto e Branco est\u00e3o no 5\u00ba lote e se encontram \u00e0 venda na sede do Petropolitano (Av. Roberto Silveira, 82), na loja Tricell (16 de Mar\u00e7o, n\u00ba 333) e pela internet no site www.guicheweb.com.br. A meia entrada para a pista est\u00e1 no valor de R$80,00 e a R$160,00 a inteira. Ingressos tamb\u00e9m ser\u00e3o vendidos na porta, no dia do evento. <\/code><\/pre>\n\n\n\n<p>Al\u00e9m dos casos previstos em lei, moradores de Petr\u00f3polis tamb\u00e9m pagam meia-entrada. S\u00f3cios adimplentes e seus dependentes t\u00eam gratuidade e podem retirar seus ingressos na secretaria do Clube.<\/p>\n\n\n\n<p>SERVI\u00c7OS:<br>Baile do Preto e Branco<br>Data: 22 de fevereiro de 2025, \u00e0s 22 horas<br>Endere\u00e7o: Av. Roberto Silveira, 82, Centro \u2013 Petr\u00f3polis<br>Pre\u00e7os (5\u00ba lote): R$ 80,00 (meia-entrada) \/R$ 160,00 (inteira)<br>S\u00f3cio em dia: gr\u00e1tis<br>Classifica\u00e7\u00e3o 18 anos<\/p>\n\n\n\n<p>Mais informa\u00e7\u00f5es: (24) 2242-4949 (fixo e WhatsApp)<\/p>\n","protected":false},"excerpt":{"rendered":"<p>Est\u00e1 dada a largada para a temporada de carnaval em Petr\u00f3polis! O mais tradicional baile<\/p>\n","protected":false},"author":2,"featured_media":99496,"comment_status":"open","ping_status":"open","sticky":false,"template":"","format":"standard","meta":{"footnotes":""},"categories":[12],"tags":[],"class_list":["post-99495","post","type-post","status-publish","format-standard","has-post-thumbnail","hentry","category-cidade"],"_links":{"self":[{"href":"https:\/\/tvc16.com\/portal\/wp-json\/wp\/v2\/posts\/99495","targetHints":{"allow":["GET"]}}],"collection":[{"href":"https:\/\/tvc16.com\/portal\/wp-json\/wp\/v2\/posts"}],"about":[{"href":"https:\/\/tvc16.com\/portal\/wp-json\/wp\/v2\/types\/post"}],"author":[{"embeddable":true,"href":"https:\/\/tvc16.com\/portal\/wp-json\/wp\/v2\/users\/2"}],"replies":[{"embeddable":true,"href":"https:\/\/tvc16.com\/portal\/wp-json\/wp\/v2\/comments?post=99495"}],"version-history":[{"count":1,"href":"https:\/\/tvc16.com\/portal\/wp-json\/wp\/v2\/posts\/99495\/revisions"}],"predecessor-version":[{"id":99497,"href":"https:\/\/tvc16.com\/portal\/wp-json\/wp\/v2\/posts\/99495\/revisions\/99497"}],"wp:featuredmedia":[{"embeddable":true,"href":"https:\/\/tvc16.com\/portal\/wp-json\/wp\/v2\/media\/99496"}],"wp:attachment":[{"href":"https:\/\/tvc16.com\/portal\/wp-json\/wp\/v2\/media?parent=99495"}],"wp:term":[{"taxonomy":"category","embeddable":true,"href":"https:\/\/tvc16.com\/portal\/wp-json\/wp\/v2\/categories?post=99495"},{"taxonomy":"post_tag","embeddable":true,"href":"https:\/\/tvc16.com\/portal\/wp-json\/wp\/v2\/tags?post=99495"}],"curies":[{"name":"wp","href":"https:\/\/api.w.org\/{rel}","templated":true}]}}