{"id":99498,"date":"2025-02-21T14:56:01","date_gmt":"2025-02-21T17:56:01","guid":{"rendered":"https:\/\/tvc16.com\/portal\/?p=99498"},"modified":"2025-02-20T14:58:09","modified_gmt":"2025-02-20T17:58:09","slug":"capacitacao-turistica-equipe-da-secretaria-de-turismo-de-teresopolis-explora-atrativos-culturais-do-alto","status":"publish","type":"post","link":"https:\/\/tvc16.com\/portal\/2025\/02\/21\/capacitacao-turistica-equipe-da-secretaria-de-turismo-de-teresopolis-explora-atrativos-culturais-do-alto\/","title":{"rendered":"Capacita\u00e7\u00e3o tur\u00edstica: equipe da secretaria de turismo de Teres\u00f3polis explora atrativos culturais do Alto"},"content":{"rendered":"\n<p><em>Atividade complementa o projeto de capacita\u00e7\u00e3o cont\u00ednua em turismo receptivo e amplia conhecimento sobre o patrim\u00f4nio da cidade<\/em><\/p>\n\n\n\n<p>Na \u00faltima ter\u00e7a-feira (19), servidores da Secretaria de Turismo de Teres\u00f3polis participaram de um Tour Cultural a p\u00e9 pelo Alto, dando continuidade ao programa de capacita\u00e7\u00e3o em Turismo Receptivo. A iniciativa teve como objetivo proporcionar uma experi\u00eancia imersiva nos atrativos tur\u00edsticos t\u00e3o importantes da regi\u00e3o, fortalecendo o conhecimento hist\u00f3rico, cultural e sobre a identidade arquitet\u00f4nica de Teres\u00f3polis.<\/p>\n\n\n\n<p>Acompanhados pela guia de turismo Maria Montserrat, os participantes visitaram pontos emblem\u00e1ticos do bairro, como a Feirinha do Alto, a Fonte Judith, a Pra\u00e7a Nilo Pe\u00e7anha, o Espa\u00e7o Cultural Higino e o Col\u00e9gio Euclydes da Cunha. Durante o percurso, foram compartilhadas informa\u00e7\u00f5es e curiosidades sobre a import\u00e2ncia desses locais para entender melhor sobre a hist\u00f3ria do munic\u00edpio.<\/p>\n\n\n\n<p>A Fonte Judith, por exemplo, leva esse nome em homenagem a uma menina que, segundo relatos, foi curada de problemas de sa\u00fade ap\u00f3s consumir suas \u00e1guas, que possuem rad\u00f4nio \u2013 elemento atualmente estudado por seus poss\u00edveis benef\u00edcios medicinais. J\u00e1 a Pra\u00e7a Nilo Pe\u00e7anha, al\u00e9m de ser uma pra\u00e7a linda com espa\u00e7o para desfrutar de um momento de tranquilidade e paz, faz refer\u00eancia ao ex-presidente do Brasil e patrono das escolas t\u00e9cnicas. &nbsp;<\/p>\n\n\n\n<p>Outro destaque do tour foi o Col\u00e9gio Euclydes da Cunha, uma das institui\u00e7\u00f5es de ensino mais tradicionais da cidade, fundada em 1927 e refer\u00eancia no ensino p\u00fablico. O grupo tamb\u00e9m conheceu detalhes do Espa\u00e7o Cultural Higino, que j\u00e1 funcionou como um prestigiado hotel, famoso por seus bailes de carnaval e cassino. &nbsp;<\/p>\n\n\n\n<p>A Secret\u00e1ria de Turismo, Nina Benedito, enfatiza a import\u00e2ncia da capacita\u00e7\u00e3o cont\u00ednua para aprimorar o atendimento ao turista e fortalecer o setor. A pasta segue promovendo a\u00e7\u00f5es para manter a equipe preparada e atualizada sobre os atrativos da cidade.<\/p>\n\n\n\n<p>Fotos: Lara Benevenuti<\/p>\n","protected":false},"excerpt":{"rendered":"<p>Atividade complementa o projeto de capacita\u00e7\u00e3o cont\u00ednua em turismo receptivo e amplia conhecimento sobre o<\/p>\n","protected":false},"author":2,"featured_media":99499,"comment_status":"open","ping_status":"open","sticky":false,"template":"","format":"standard","meta":{"footnotes":""},"categories":[17],"tags":[],"class_list":["post-99498","post","type-post","status-publish","format-standard","has-post-thumbnail","hentry","category-outras-noticias"],"_links":{"self":[{"href":"https:\/\/tvc16.com\/portal\/wp-json\/wp\/v2\/posts\/99498","targetHints":{"allow":["GET"]}}],"collection":[{"href":"https:\/\/tvc16.com\/portal\/wp-json\/wp\/v2\/posts"}],"about":[{"href":"https:\/\/tvc16.com\/portal\/wp-json\/wp\/v2\/types\/post"}],"author":[{"embeddable":true,"href":"https:\/\/tvc16.com\/portal\/wp-json\/wp\/v2\/users\/2"}],"replies":[{"embeddable":true,"href":"https:\/\/tvc16.com\/portal\/wp-json\/wp\/v2\/comments?post=99498"}],"version-history":[{"count":1,"href":"https:\/\/tvc16.com\/portal\/wp-json\/wp\/v2\/posts\/99498\/revisions"}],"predecessor-version":[{"id":99500,"href":"https:\/\/tvc16.com\/portal\/wp-json\/wp\/v2\/posts\/99498\/revisions\/99500"}],"wp:featuredmedia":[{"embeddable":true,"href":"https:\/\/tvc16.com\/portal\/wp-json\/wp\/v2\/media\/99499"}],"wp:attachment":[{"href":"https:\/\/tvc16.com\/portal\/wp-json\/wp\/v2\/media?parent=99498"}],"wp:term":[{"taxonomy":"category","embeddable":true,"href":"https:\/\/tvc16.com\/portal\/wp-json\/wp\/v2\/categories?post=99498"},{"taxonomy":"post_tag","embeddable":true,"href":"https:\/\/tvc16.com\/portal\/wp-json\/wp\/v2\/tags?post=99498"}],"curies":[{"name":"wp","href":"https:\/\/api.w.org\/{rel}","templated":true}]}}