{"id":9952,"date":"2021-01-28T23:32:25","date_gmt":"2021-01-29T02:32:25","guid":{"rendered":"https:\/\/tvc16.com\/portal\/?p=9952"},"modified":"2021-01-28T23:33:06","modified_gmt":"2021-01-29T02:33:06","slug":"secretaria-de-saude-divulgou-hoje-28-a-confirmacao-de-mais-dois-obitos-relacionados-a-covid-19-elevando-para-478-o-numero-de-mortos-pela-covid-19","status":"publish","type":"post","link":"https:\/\/tvc16.com\/portal\/2021\/01\/28\/secretaria-de-saude-divulgou-hoje-28-a-confirmacao-de-mais-dois-obitos-relacionados-a-covid-19-elevando-para-478-o-numero-de-mortos-pela-covid-19\/","title":{"rendered":"Secretaria de Sa\u00fade divulgou hoje (28) a confirma\u00e7\u00e3o de mais dois \u00f3bitos relacionados a Covid-19, elevando para 478 o n\u00famero de mortos"},"content":{"rendered":"\n<p><\/p>\n\n\n\n<p>Este \u00faltimo boletim mostra que Petr\u00f3polis fez, at\u00e9 agora, 109.523 testes para Covid-19, com 15.286 resultados positivos e 88.196 negativos (levando em considera\u00e7\u00e3o testes r\u00e1pidos e Swab). H\u00e1 6.041 casos em an\u00e1lise e 10.065 recuperados.<\/p>\n\n\n\n<p>Neste momento, 75 pessoas est\u00e3o internadas em leitos de UTI privados e pelo SUS. Outras 79 est\u00e3o em leitos cl\u00ednicos privados e pelo SUS, totalizando 154 interna\u00e7\u00f5es em toda a rede da cidade. A ocupa\u00e7\u00e3o de leitos cl\u00ednicos pelo SUS \u00e9 de 49,23% e de 58,06% em leitos de UTI.<\/p>\n\n\n\n<p><\/p>\n","protected":false},"excerpt":{"rendered":"<p>Este \u00faltimo boletim mostra que Petr\u00f3polis fez, at\u00e9 agora, 109.523 testes para Covid-19, com 15.286<\/p>\n","protected":false},"author":2,"featured_media":9837,"comment_status":"open","ping_status":"open","sticky":false,"template":"","format":"standard","meta":{"footnotes":""},"categories":[12],"tags":[],"class_list":["post-9952","post","type-post","status-publish","format-standard","has-post-thumbnail","hentry","category-cidade"],"_links":{"self":[{"href":"https:\/\/tvc16.com\/portal\/wp-json\/wp\/v2\/posts\/9952","targetHints":{"allow":["GET"]}}],"collection":[{"href":"https:\/\/tvc16.com\/portal\/wp-json\/wp\/v2\/posts"}],"about":[{"href":"https:\/\/tvc16.com\/portal\/wp-json\/wp\/v2\/types\/post"}],"author":[{"embeddable":true,"href":"https:\/\/tvc16.com\/portal\/wp-json\/wp\/v2\/users\/2"}],"replies":[{"embeddable":true,"href":"https:\/\/tvc16.com\/portal\/wp-json\/wp\/v2\/comments?post=9952"}],"version-history":[{"count":2,"href":"https:\/\/tvc16.com\/portal\/wp-json\/wp\/v2\/posts\/9952\/revisions"}],"predecessor-version":[{"id":9954,"href":"https:\/\/tvc16.com\/portal\/wp-json\/wp\/v2\/posts\/9952\/revisions\/9954"}],"wp:featuredmedia":[{"embeddable":true,"href":"https:\/\/tvc16.com\/portal\/wp-json\/wp\/v2\/media\/9837"}],"wp:attachment":[{"href":"https:\/\/tvc16.com\/portal\/wp-json\/wp\/v2\/media?parent=9952"}],"wp:term":[{"taxonomy":"category","embeddable":true,"href":"https:\/\/tvc16.com\/portal\/wp-json\/wp\/v2\/categories?post=9952"},{"taxonomy":"post_tag","embeddable":true,"href":"https:\/\/tvc16.com\/portal\/wp-json\/wp\/v2\/tags?post=9952"}],"curies":[{"name":"wp","href":"https:\/\/api.w.org\/{rel}","templated":true}]}}