{"id":99528,"date":"2025-02-21T09:02:54","date_gmt":"2025-02-21T12:02:54","guid":{"rendered":"https:\/\/tvc16.com\/portal\/?p=99528"},"modified":"2025-02-21T09:02:55","modified_gmt":"2025-02-21T12:02:55","slug":"intencao-de-consumo-entre-as-familias-cai-02-em-fevereiro","status":"publish","type":"post","link":"https:\/\/tvc16.com\/portal\/2025\/02\/21\/intencao-de-consumo-entre-as-familias-cai-02-em-fevereiro\/","title":{"rendered":"Inten\u00e7\u00e3o de consumo entre as fam\u00edlias cai 0,2% em fevereiro"},"content":{"rendered":"\n<p><em>Resultado teve impacto da redu\u00e7\u00e3o de consumo de bens dur\u00e1veis<\/em><\/p>\n\n\n\n<p>Por Mariana Tokarnia &#8211; Rep\u00f3rter da Ag\u00eancia Brasil \/ Foto: Fabio Rodrigues Pozzebom\/Ag\u00eancia Brasil<\/p>\n\n\n\n<p><\/p>\n\n\n\n<p>A inten\u00e7\u00e3o de consumo das fam\u00edlias caiu 0,2% de janeiro para&nbsp;fevereiro, de acordo com a Confedera\u00e7\u00e3o Nacional do Com\u00e9rcio de Bens, Servi\u00e7os e Turismo (CNC). Segundo a confedera\u00e7\u00e3o, a queda foi impactada principalmente pela redu\u00e7\u00e3o de consumo de bens dur\u00e1veis \u2013 que s\u00e3o aqueles com&nbsp;vida \u00fatil longa, como autom\u00f3veis, geladeiras, m\u00e1quinas de lavar roupa, computadores, entre outros. O \u00edndice mostra ainda uma maior cautela principalmente entre as fam\u00edlias de maior renda.<img decoding=\"async\" src=\"https:\/\/agenciabrasil.ebc.com.br\/ebc.png?id=1631282&amp;o=node\"><img decoding=\"async\" src=\"https:\/\/agenciabrasil.ebc.com.br\/ebc.gif?id=1631282&amp;o=node\"><\/p>\n\n\n\n<p>A Inten\u00e7\u00e3o de Consumo das Fam\u00edlias (ICF) foi divulgada nesta quinta-feira (20) pela CNC. O \u00edndice chegou aos 104,5 pontos, descontados os efeitos sazonais. Em compara\u00e7\u00e3o com fevereiro de 2024, a queda foi ainda maior, 1,1%. Este \u00e9 o quinto m\u00eas consecutivo que h\u00e1 redu\u00e7\u00e3o da inten\u00e7\u00e3o de consumo na an\u00e1lise anual, sendo esta, segundo a CNC, a mais intensa.<\/p>\n\n\n\n<p>Ainda assim, o \u00edndice, que vai at\u00e9 200 pontos, mant\u00e9m-se acima dos 100 pontos, o que indica que os consumidores est\u00e3o satisfeitos.<\/p>\n\n\n\n<p>Os dados divulgados mostram que as fam\u00edlias de maior renda est\u00e3o mais cautelosas ao consumir, com uma queda de 0,5%&nbsp;no m\u00eas&nbsp;entre as fam\u00edlias com renda maior que dez sal\u00e1rios m\u00ednimos, ou seja, acima de R$ 15.180. Tamb\u00e9m houve queda, mas em menor intensidade, entre as fam\u00edlias com renda inferior a esse valor, de 0,2%.<\/p>\n\n\n\n<p>A pesquisa \u00e9 feita com base em 18 mil question\u00e1rios analisados mensalmente, com dados de consumidores coletados em todas as Unidades Federativas. O IFC \u00e9 composto por sete indicadores: tr\u00eas sobre as condi\u00e7\u00f5es atuais (emprego, renda e n\u00edvel de consumo), dois sobre expectativas para tr\u00eas meses \u00e0 frente (perspectiva de consumo e perspectiva profissional), al\u00e9m da avalia\u00e7\u00e3o do acesso ao cr\u00e9dito e momento atual para aquisi\u00e7\u00e3o de bens dur\u00e1veis.<\/p>\n\n\n\n<p>A maioria dos componentes revelou movimento de alta, com exce\u00e7\u00e3o principalmente do momento para compra de dur\u00e1veis. Esse item, de acordo com a divulga\u00e7\u00e3o, teve a maior redu\u00e7\u00e3o da sua taxa, de 1,6%. Isso ocorre ap\u00f3s resultados positivos de 0,9% tanto no final do ano passado quanto no in\u00edcio de 2025. O item atingiu, em fevereiro, a menor pontua\u00e7\u00e3o entre os analisados, 70 pontos, abaixo dos 100 pontos, o que indica insatisfa\u00e7\u00e3o. Na an\u00e1lise da CNC, as fam\u00edlias sentem maior impacto dos juros altos.<\/p>\n\n\n\n<p>Em rela\u00e7\u00e3o ao emprego, depois de quatro meses de baixas, os consumidores se mostraram mais otimistas&nbsp;em rela\u00e7\u00e3o \u00e0s oportunidades profissionais. O item emprego atual, que mede a satisfa\u00e7\u00e3o com o trabalho, apresentou alta de 0,2%, enquanto o item&nbsp;perspectiva profissional, que mede a percep\u00e7\u00e3o do trabalhador&nbsp;sobre o cen\u00e1rio de oportunidades profissionais a m\u00e9dio prazo, teve o quinto crescimento seguido, de 0,4%.<br><\/p>\n","protected":false},"excerpt":{"rendered":"<p>Resultado teve impacto da redu\u00e7\u00e3o de consumo de bens dur\u00e1veis Por Mariana Tokarnia &#8211; Rep\u00f3rter<\/p>\n","protected":false},"author":2,"featured_media":99529,"comment_status":"open","ping_status":"open","sticky":false,"template":"","format":"standard","meta":{"footnotes":""},"categories":[17],"tags":[],"class_list":["post-99528","post","type-post","status-publish","format-standard","has-post-thumbnail","hentry","category-outras-noticias"],"_links":{"self":[{"href":"https:\/\/tvc16.com\/portal\/wp-json\/wp\/v2\/posts\/99528","targetHints":{"allow":["GET"]}}],"collection":[{"href":"https:\/\/tvc16.com\/portal\/wp-json\/wp\/v2\/posts"}],"about":[{"href":"https:\/\/tvc16.com\/portal\/wp-json\/wp\/v2\/types\/post"}],"author":[{"embeddable":true,"href":"https:\/\/tvc16.com\/portal\/wp-json\/wp\/v2\/users\/2"}],"replies":[{"embeddable":true,"href":"https:\/\/tvc16.com\/portal\/wp-json\/wp\/v2\/comments?post=99528"}],"version-history":[{"count":1,"href":"https:\/\/tvc16.com\/portal\/wp-json\/wp\/v2\/posts\/99528\/revisions"}],"predecessor-version":[{"id":99530,"href":"https:\/\/tvc16.com\/portal\/wp-json\/wp\/v2\/posts\/99528\/revisions\/99530"}],"wp:featuredmedia":[{"embeddable":true,"href":"https:\/\/tvc16.com\/portal\/wp-json\/wp\/v2\/media\/99529"}],"wp:attachment":[{"href":"https:\/\/tvc16.com\/portal\/wp-json\/wp\/v2\/media?parent=99528"}],"wp:term":[{"taxonomy":"category","embeddable":true,"href":"https:\/\/tvc16.com\/portal\/wp-json\/wp\/v2\/categories?post=99528"},{"taxonomy":"post_tag","embeddable":true,"href":"https:\/\/tvc16.com\/portal\/wp-json\/wp\/v2\/tags?post=99528"}],"curies":[{"name":"wp","href":"https:\/\/api.w.org\/{rel}","templated":true}]}}