{"id":99531,"date":"2025-02-21T09:10:25","date_gmt":"2025-02-21T12:10:25","guid":{"rendered":"https:\/\/tvc16.com\/portal\/?p=99531"},"modified":"2025-02-21T09:10:30","modified_gmt":"2025-02-21T12:10:30","slug":"casos-respiratorios-graves-seguem-em-alta-apos-volta-as-aulas","status":"publish","type":"post","link":"https:\/\/tvc16.com\/portal\/2025\/02\/21\/casos-respiratorios-graves-seguem-em-alta-apos-volta-as-aulas\/","title":{"rendered":"Casos respirat\u00f3rios graves seguem em alta ap\u00f3s volta \u00e0s aulas"},"content":{"rendered":"\n<p><em>Alunos passam mais tempo em salas fechadas<\/em><\/p>\n\n\n\n<p>Por T\u00e2mara Freire &#8211; Rep\u00f3rter da Ag\u00eancia Brasil \/ Foto: Paulo Pinto\/Ag\u00eancia Brasil<\/p>\n\n\n\n<p><\/p>\n\n\n\n<p>Os casos de S\u00edndrome Respirat\u00f3ria Aguda Grave &#8211; SRAG &#8211; entre crian\u00e7as e adolescentes de at\u00e9 14 anos permanecem em alta ap\u00f3s a volta \u00e0s aulas no Distrito Federal e em cinco estados: Goi\u00e1s, Esp\u00edrito Santo, Rio de Janeiro, S\u00e3o Paulo e Sergipe.<img decoding=\"async\" src=\"https:\/\/agenciabrasil.ebc.com.br\/ebc.png?id=1631270&amp;o=node\"><img decoding=\"async\" src=\"https:\/\/agenciabrasil.ebc.com.br\/ebc.gif?id=1631270&amp;o=node\"><\/p>\n\n\n\n<p>\u00c9 o que aponta a \u00faltima edi\u00e7\u00e3o do Boletim Infogripe, divulgado nesta quinta-feira (20), no Rio de Janeiro, pela Fiocruz. O termo SRAG designa os casos de s\u00edndrome gripal que evoluem com comprometimento da fun\u00e7\u00e3o respirat\u00f3ria, geralmente exigindo hospitaliza\u00e7\u00e3o.<\/p>\n\n\n\n<p>&#8220;As crian\u00e7as passam mais tempo em ambientes fechados e em maior contato, favorecendo a transmiss\u00e3o dos v\u00edrus respirat\u00f3rios&#8221;, explica a pesquisadora Tatiana Portella. O boletim acende tamb\u00e9m um alerta para as infec\u00e7\u00f5es por v\u00edrus sincicial respirat\u00f3rio &#8211; VSR &#8211; no Distrito Federal e em Goi\u00e1s, o que tem provocado aumento de casos de SRAG entre beb\u00eas de at\u00e9 2 anos.<\/p>\n\n\n\n<p>Geralmente, o VSR circula mais durante o inverno, mas somente este ano foram registrados mais de 460 casos de SRAG motivados pelo v\u00edrus em todo o pa\u00eds, com 16 mortes.<\/p>\n\n\n\n<h2 class=\"wp-block-heading\">Covid-19<\/h2>\n\n\n\n<p>No entanto, a covid-19 continua sendo a infec\u00e7\u00e3o viral mais letal: as mortes por SRAG este ano passam de 1 mil e mais de 81% dos \u00f3bitos com diagn\u00f3stico confirmado de algum v\u00edrus foram causados por covid-19. A maioria das v\u00edtimas eram&nbsp;idosos.<\/p>\n\n\n\n<p>Em quatro estados, a pesquisa observou aumento de casos com sinais caracter\u00edsticos de covid-19: Mato Grosso, Roraima, Sergipe e Tocantins. Neste \u00faltimo, chama a aten\u00e7\u00e3o a quantidade de ocorr\u00eancias entre jovens e adultos.<\/p>\n\n\n\n<p>Al\u00e9m disso, sete unidades federativas apresentam n\u00edveis de alerta ou risco nas tend\u00eancias de curto e longo prazo, independentemente da causa: Amazonas, Distrito Federal, Goi\u00e1s, Rond\u00f4nia, Roraima, Sergipe e Tocantins.<br><\/p>\n","protected":false},"excerpt":{"rendered":"<p>Alunos passam mais tempo em salas fechadas Por T\u00e2mara Freire &#8211; Rep\u00f3rter da Ag\u00eancia Brasil<\/p>\n","protected":false},"author":2,"featured_media":0,"comment_status":"open","ping_status":"open","sticky":false,"template":"","format":"standard","meta":{"footnotes":""},"categories":[1],"tags":[],"class_list":["post-99531","post","type-post","status-publish","format-standard","hentry","category-uncategorized"],"_links":{"self":[{"href":"https:\/\/tvc16.com\/portal\/wp-json\/wp\/v2\/posts\/99531","targetHints":{"allow":["GET"]}}],"collection":[{"href":"https:\/\/tvc16.com\/portal\/wp-json\/wp\/v2\/posts"}],"about":[{"href":"https:\/\/tvc16.com\/portal\/wp-json\/wp\/v2\/types\/post"}],"author":[{"embeddable":true,"href":"https:\/\/tvc16.com\/portal\/wp-json\/wp\/v2\/users\/2"}],"replies":[{"embeddable":true,"href":"https:\/\/tvc16.com\/portal\/wp-json\/wp\/v2\/comments?post=99531"}],"version-history":[{"count":1,"href":"https:\/\/tvc16.com\/portal\/wp-json\/wp\/v2\/posts\/99531\/revisions"}],"predecessor-version":[{"id":99532,"href":"https:\/\/tvc16.com\/portal\/wp-json\/wp\/v2\/posts\/99531\/revisions\/99532"}],"wp:attachment":[{"href":"https:\/\/tvc16.com\/portal\/wp-json\/wp\/v2\/media?parent=99531"}],"wp:term":[{"taxonomy":"category","embeddable":true,"href":"https:\/\/tvc16.com\/portal\/wp-json\/wp\/v2\/categories?post=99531"},{"taxonomy":"post_tag","embeddable":true,"href":"https:\/\/tvc16.com\/portal\/wp-json\/wp\/v2\/tags?post=99531"}],"curies":[{"name":"wp","href":"https:\/\/api.w.org\/{rel}","templated":true}]}}