{"id":99533,"date":"2025-02-21T09:14:18","date_gmt":"2025-02-21T12:14:18","guid":{"rendered":"https:\/\/tvc16.com\/portal\/?p=99533"},"modified":"2025-02-21T09:14:20","modified_gmt":"2025-02-21T12:14:20","slug":"inep-estabelece-88-pontos-como-nota-de-corte-do-revalida","status":"publish","type":"post","link":"https:\/\/tvc16.com\/portal\/2025\/02\/21\/inep-estabelece-88-pontos-como-nota-de-corte-do-revalida\/","title":{"rendered":"Inep estabelece 88 pontos como nota de corte do Revalida"},"content":{"rendered":"\n<p><em>Exame ser\u00e1 aplicado no dia 23 de mar\u00e7o em 11 capitais<\/em><\/p>\n\n\n\n<p>Por Ag\u00eancia Brasil \/ Foto: Marcelo Camargo\/Ag\u00eancia Brasil<br><\/p>\n\n\n\n<p>Os participantes do Exame Nacional de Revalida\u00e7\u00e3o de Diplomas M\u00e9dicos Expedidos por Institui\u00e7\u00e3o de Educa\u00e7\u00e3o Superior Estrangeira (Revalida) de 2025\/1 precisam obter, no m\u00ednimo, 88 pontos de um total de 150 para ser&nbsp;aprovados na primeira etapa das provas.<img decoding=\"async\" src=\"https:\/\/agenciabrasil.ebc.com.br\/ebc.png?id=1631267&amp;o=node\"><img decoding=\"async\" src=\"https:\/\/agenciabrasil.ebc.com.br\/ebc.gif?id=1631267&amp;o=node\"><\/p>\n\n\n\n<p>O&nbsp;<a href=\"https:\/\/www.in.gov.br\/en\/web\/dou\/-\/edital-n-9-de-18-de-fevereiro-de-2025-613836382\" target=\"_blank\" rel=\"noreferrer noopener\">edital<\/a>&nbsp;que anuncia a nota de corte foi publicado nesta quinta-feira (20).<\/p>\n\n\n\n<p>O objetivo da nota de corte \u00e9 estabelecer um padr\u00e3o m\u00ednimo de desempenho para o candidato ser considerado aprovado no teste educacional.<\/p>\n\n\n\n<h2 class=\"wp-block-heading\">Nota de corte<\/h2>\n\n\n\n<p>O Instituto Nacional de Estudos e Pesquisas Educacionais An\u00edsio Teixeira (Inep), respons\u00e1vel pela aplica\u00e7\u00e3o do exame em parceria com o Minist\u00e9rio da Educa\u00e7\u00e3o (MEC), explica que a nota de corte foi calculada por integrantes da Comiss\u00e3o de Avalia\u00e7\u00e3o de Itens (CAI), por meio do m\u00e9todo Angoff modificado.<\/p>\n\n\n\n<p>Este grupo de especialistas \u00e9 formado por professores de cursos de medicina brasileiros e m\u00e9dicos que administram testes psicol\u00f3gicos. Para chegar \u00e0 nota de corte, a comiss\u00e3o julga o n\u00edvel de dificuldade de cada um dos itens que comp\u00f5em a prova (quest\u00f5es objetivas, discursivas e da prova pr\u00e1tica de habilidades cl\u00ednicas) j\u00e1 formulada pelo Inep para a respectiva edi\u00e7\u00e3o do Revalida.<\/p>\n\n\n\n<p>Para compara\u00e7\u00e3o, no ano passado&nbsp;a primeira etapa do Revalida 2024 teve nota de corte de 91,96 pontos.<\/p>\n\n\n\n<p>O resultado obtido pelo candidato ser\u00e1 equivalente \u00e0 soma dos pontos nas provas objetiva e discursiva, que comp\u00f5em esta primeira etapa (te\u00f3rica). N\u00e3o h\u00e1 possibilidade de arredondamentos, avisa o Inep no edital publicado.<\/p>\n\n\n\n<h2 class=\"wp-block-heading\">Revalida de 2025\/1 &nbsp;<\/h2>\n\n\n\n<p>O Revalida de 2025\/1 tem 17.776 inscritos e confirmados, o que torna esta edi\u00e7\u00e3o a maior em n\u00famero de participantes.<\/p>\n\n\n\n<p>As provas da primeira etapa&nbsp;ser\u00e3o aplicadas&nbsp;em&nbsp;23 de mar\u00e7o, em 11 capitais: Belo Horizonte, Bras\u00edlia, Campo Grande, Curitiba, Porto Alegre, Porto Velho, Recife, Rio Branco, Rio de Janeiro, Salvador e S\u00e3o Paulo.<\/p>\n\n\n\n<p>Em 26 de mar\u00e7o, ser\u00e3o divulgadas as vers\u00f5es preliminares dos gabaritos e primeira fase de recursos.<\/p>\n\n\n\n<p>Entre 24 e 29 de mar\u00e7o, o participante dever\u00e1 enviar documenta\u00e7\u00e3o comprobat\u00f3ria de conclus\u00e3o de curso do exterior (diploma, certificado ou declara\u00e7\u00e3o) tamb\u00e9m pelo Sistema Revalida.<\/p>\n\n\n\n<p>Se a documenta\u00e7\u00e3o foi aprovada em edi\u00e7\u00f5es anteriores do Revalida, n\u00e3o precisar\u00e1 ser enviada novamente. O sistema do exame far\u00e1 a homologa\u00e7\u00e3o de forma autom\u00e1tica.<\/p>\n\n\n\n<p>O resultado final da primeira etapa ser\u00e1 conhecido em 3 de junho.<\/p>\n\n\n\n<h2 class=\"wp-block-heading\">Revalida<\/h2>\n\n\n\n<p>O Revalida avalia profissionais formados em medicina fora do Brasil que querem exercer a profiss\u00e3o em territ\u00f3rio nacional. O objetivo do exame \u00e9 garantir a qualidade do atendimento m\u00e9dico prestado no Brasil, tanto por estrangeiros como por brasileiros que estudaram no exterior.<\/p>\n\n\n\n<p>Desde 2011, o exame que autoriza aos aprovados ter o diploma revalidado no Brasil \u00e9 aplicado pelo Inep, enquanto a revalida\u00e7\u00e3o \u00e9 de responsabilidade das universidades p\u00fablicas do Brasil que aderiram ao exame.<\/p>\n\n\n\n<p>Anualmente, as provas s\u00e3o divididas em duas etapas (te\u00f3rica e pr\u00e1tica), que abordam, de forma interdisciplinar, as cinco grandes \u00e1reas da medicina: cl\u00ednica m\u00e9dica, cirurgia, ginecologia e obstetr\u00edcia, pediatria, e medicina da fam\u00edlia e comunidade (sa\u00fade coletiva).<\/p>\n\n\n\n<p>A prova te\u00f3rica ter\u00e1 100 quest\u00f5es de m\u00faltipla escolha, al\u00e9m das quest\u00f5es discursivas. E o candidato somente poder\u00e1 avan\u00e7ar para a segunda etapa, a da prova pr\u00e1tica, se for aprovado na prova te\u00f3rica.<\/p>\n\n\n\n<p>Esta \u00faltima fase&nbsp;avalia as habilidades cl\u00ednicas em cen\u00e1rios de pr\u00e1tica profissional, como atendimento de aten\u00e7\u00e3o prim\u00e1ria, ambulatorial, interna\u00e7\u00e3o hospitalar, pronto-socorro para casos de urg\u00eancia e emerg\u00eancia, al\u00e9m da medicina comunit\u00e1ria, com base na Diretriz Curricular Nacional do Curso de Medicina, nas normas e na legisla\u00e7\u00e3o profissional.&nbsp;<\/p>\n\n\n\n<p>O&nbsp;<a href=\"https:\/\/revalida.inep.gov.br\/\" target=\"_blank\" rel=\"noreferrer noopener\">site do Inep<\/a>&nbsp;tem&nbsp;mais informa\u00e7\u00f5es sobre o Revalida.<\/p>\n","protected":false},"excerpt":{"rendered":"<p>Exame ser\u00e1 aplicado no dia 23 de mar\u00e7o em 11 capitais Por Ag\u00eancia Brasil \/<\/p>\n","protected":false},"author":2,"featured_media":99534,"comment_status":"open","ping_status":"open","sticky":false,"template":"","format":"standard","meta":{"footnotes":""},"categories":[17],"tags":[],"class_list":["post-99533","post","type-post","status-publish","format-standard","has-post-thumbnail","hentry","category-outras-noticias"],"_links":{"self":[{"href":"https:\/\/tvc16.com\/portal\/wp-json\/wp\/v2\/posts\/99533","targetHints":{"allow":["GET"]}}],"collection":[{"href":"https:\/\/tvc16.com\/portal\/wp-json\/wp\/v2\/posts"}],"about":[{"href":"https:\/\/tvc16.com\/portal\/wp-json\/wp\/v2\/types\/post"}],"author":[{"embeddable":true,"href":"https:\/\/tvc16.com\/portal\/wp-json\/wp\/v2\/users\/2"}],"replies":[{"embeddable":true,"href":"https:\/\/tvc16.com\/portal\/wp-json\/wp\/v2\/comments?post=99533"}],"version-history":[{"count":1,"href":"https:\/\/tvc16.com\/portal\/wp-json\/wp\/v2\/posts\/99533\/revisions"}],"predecessor-version":[{"id":99535,"href":"https:\/\/tvc16.com\/portal\/wp-json\/wp\/v2\/posts\/99533\/revisions\/99535"}],"wp:featuredmedia":[{"embeddable":true,"href":"https:\/\/tvc16.com\/portal\/wp-json\/wp\/v2\/media\/99534"}],"wp:attachment":[{"href":"https:\/\/tvc16.com\/portal\/wp-json\/wp\/v2\/media?parent=99533"}],"wp:term":[{"taxonomy":"category","embeddable":true,"href":"https:\/\/tvc16.com\/portal\/wp-json\/wp\/v2\/categories?post=99533"},{"taxonomy":"post_tag","embeddable":true,"href":"https:\/\/tvc16.com\/portal\/wp-json\/wp\/v2\/tags?post=99533"}],"curies":[{"name":"wp","href":"https:\/\/api.w.org\/{rel}","templated":true}]}}