{"id":99539,"date":"2025-02-21T09:31:41","date_gmt":"2025-02-21T12:31:41","guid":{"rendered":"https:\/\/tvc16.com\/portal\/?p=99539"},"modified":"2025-02-21T09:31:43","modified_gmt":"2025-02-21T12:31:43","slug":"votacao-da-candidatura-de-joacir-barbaglio-e-adiada","status":"publish","type":"post","link":"https:\/\/tvc16.com\/portal\/2025\/02\/21\/votacao-da-candidatura-de-joacir-barbaglio-e-adiada\/","title":{"rendered":"Vota\u00e7\u00e3o da candidatura de Joacir Barbaglio \u00e9 adiada"},"content":{"rendered":"\n<p>A vota\u00e7\u00e3o da candidatura de Joacir Barbaglio (Republicanos), \u00e0 reelei\u00e7\u00e3o como prefeito de Tr\u00eas Rios foi adiada nesta quinta-feira (20), ap\u00f3s a Presidente do Tribunal Superior Eleitoral (TSE), Ministra C\u00e1rmen L\u00facia, n\u00e3o estar presente na sess\u00e3o, que foi presidida pelo Ministro Nunes Marques. Em agosto do ano passado, o Minist\u00e9rio P\u00fablico Eleitoral (MPE) se manifestou contra \u00e0 candidatura de Joa, devido a processos e irregularidades apontadas pelo Tribunal de Contas do Estado do Rio de Janeiro (TCE-RJ), referentes ao per\u00edodo em que presidiu a C\u00e2mara Municipal de Tr\u00eas Rios. Joacir chegou a ter os votos sob judice no pleito de 2024, contudo o Ministro e relator do processo, Andr\u00e9 Mendon\u00e7a, concedeu efeito suspensivo at\u00e9 que o plen\u00e1rio do TSE julgasse o tema, o que com o adiamento, n\u00e3o tem uma data definida. Enquanto isso, Joacir permanece \u00e0 frente do executivo na cidade trirriense.<\/p>\n","protected":false},"excerpt":{"rendered":"<p>A vota\u00e7\u00e3o da candidatura de Joacir Barbaglio (Republicanos), \u00e0 reelei\u00e7\u00e3o como prefeito de Tr\u00eas Rios<\/p>\n","protected":false},"author":2,"featured_media":95494,"comment_status":"open","ping_status":"open","sticky":false,"template":"","format":"standard","meta":{"footnotes":""},"categories":[17],"tags":[],"class_list":["post-99539","post","type-post","status-publish","format-standard","has-post-thumbnail","hentry","category-outras-noticias"],"_links":{"self":[{"href":"https:\/\/tvc16.com\/portal\/wp-json\/wp\/v2\/posts\/99539","targetHints":{"allow":["GET"]}}],"collection":[{"href":"https:\/\/tvc16.com\/portal\/wp-json\/wp\/v2\/posts"}],"about":[{"href":"https:\/\/tvc16.com\/portal\/wp-json\/wp\/v2\/types\/post"}],"author":[{"embeddable":true,"href":"https:\/\/tvc16.com\/portal\/wp-json\/wp\/v2\/users\/2"}],"replies":[{"embeddable":true,"href":"https:\/\/tvc16.com\/portal\/wp-json\/wp\/v2\/comments?post=99539"}],"version-history":[{"count":1,"href":"https:\/\/tvc16.com\/portal\/wp-json\/wp\/v2\/posts\/99539\/revisions"}],"predecessor-version":[{"id":99540,"href":"https:\/\/tvc16.com\/portal\/wp-json\/wp\/v2\/posts\/99539\/revisions\/99540"}],"wp:featuredmedia":[{"embeddable":true,"href":"https:\/\/tvc16.com\/portal\/wp-json\/wp\/v2\/media\/95494"}],"wp:attachment":[{"href":"https:\/\/tvc16.com\/portal\/wp-json\/wp\/v2\/media?parent=99539"}],"wp:term":[{"taxonomy":"category","embeddable":true,"href":"https:\/\/tvc16.com\/portal\/wp-json\/wp\/v2\/categories?post=99539"},{"taxonomy":"post_tag","embeddable":true,"href":"https:\/\/tvc16.com\/portal\/wp-json\/wp\/v2\/tags?post=99539"}],"curies":[{"name":"wp","href":"https:\/\/api.w.org\/{rel}","templated":true}]}}