{"id":99541,"date":"2025-02-21T10:13:26","date_gmt":"2025-02-21T13:13:26","guid":{"rendered":"https:\/\/tvc16.com\/portal\/?p=99541"},"modified":"2025-02-21T10:13:29","modified_gmt":"2025-02-21T13:13:29","slug":"roubador-de-transporte-coletivo-e-preso-em-tres-rios","status":"publish","type":"post","link":"https:\/\/tvc16.com\/portal\/2025\/02\/21\/roubador-de-transporte-coletivo-e-preso-em-tres-rios\/","title":{"rendered":"Roubador de transporte coletivo \u00e9 preso em Tr\u00eas Rios"},"content":{"rendered":"\n<p>Policiais civis da 108\u00aa DP (Tr\u00eas Rios) prenderam um homem, nesta quarta-feira (19\/02), apontado como respons\u00e1vel por diversos roubos ocorridos em janeiro e fevereiro deste ano.<\/p>\n\n\n\n<p>De acordo com os agentes, em janeiro o homem assaltou dois \u00f4nibus usando uma faca. J\u00e1 em fevereiro, usando uma arma de fogo, o homem praticou o mesmo crime.<\/p>\n\n\n\n<p>Nos tr\u00eas assaltos, o criminosos foi reconhecido pelas v\u00edtimas. O homem foi preso no bairro de Cantagalo, contra ele os agentes cumpriram mandado de pris\u00e3o tempor\u00e1ria pelo crime de roubo.<\/p>\n","protected":false},"excerpt":{"rendered":"<p>Policiais civis da 108\u00aa DP (Tr\u00eas Rios) prenderam um homem, nesta quarta-feira (19\/02), apontado como<\/p>\n","protected":false},"author":2,"featured_media":99341,"comment_status":"open","ping_status":"open","sticky":false,"template":"","format":"standard","meta":{"footnotes":""},"categories":[1],"tags":[],"class_list":["post-99541","post","type-post","status-publish","format-standard","has-post-thumbnail","hentry","category-uncategorized"],"_links":{"self":[{"href":"https:\/\/tvc16.com\/portal\/wp-json\/wp\/v2\/posts\/99541","targetHints":{"allow":["GET"]}}],"collection":[{"href":"https:\/\/tvc16.com\/portal\/wp-json\/wp\/v2\/posts"}],"about":[{"href":"https:\/\/tvc16.com\/portal\/wp-json\/wp\/v2\/types\/post"}],"author":[{"embeddable":true,"href":"https:\/\/tvc16.com\/portal\/wp-json\/wp\/v2\/users\/2"}],"replies":[{"embeddable":true,"href":"https:\/\/tvc16.com\/portal\/wp-json\/wp\/v2\/comments?post=99541"}],"version-history":[{"count":1,"href":"https:\/\/tvc16.com\/portal\/wp-json\/wp\/v2\/posts\/99541\/revisions"}],"predecessor-version":[{"id":99542,"href":"https:\/\/tvc16.com\/portal\/wp-json\/wp\/v2\/posts\/99541\/revisions\/99542"}],"wp:featuredmedia":[{"embeddable":true,"href":"https:\/\/tvc16.com\/portal\/wp-json\/wp\/v2\/media\/99341"}],"wp:attachment":[{"href":"https:\/\/tvc16.com\/portal\/wp-json\/wp\/v2\/media?parent=99541"}],"wp:term":[{"taxonomy":"category","embeddable":true,"href":"https:\/\/tvc16.com\/portal\/wp-json\/wp\/v2\/categories?post=99541"},{"taxonomy":"post_tag","embeddable":true,"href":"https:\/\/tvc16.com\/portal\/wp-json\/wp\/v2\/tags?post=99541"}],"curies":[{"name":"wp","href":"https:\/\/api.w.org\/{rel}","templated":true}]}}