{"id":99557,"date":"2025-02-22T11:00:00","date_gmt":"2025-02-22T14:00:00","guid":{"rendered":"https:\/\/tvc16.com\/portal\/?p=99557"},"modified":"2025-02-21T17:08:39","modified_gmt":"2025-02-21T20:08:39","slug":"araras-sera-o-primeiro-bairro-que-ira-receber-a-campanha-de-castracao-de-caes-e-gatos","status":"publish","type":"post","link":"https:\/\/tvc16.com\/portal\/2025\/02\/22\/araras-sera-o-primeiro-bairro-que-ira-receber-a-campanha-de-castracao-de-caes-e-gatos\/","title":{"rendered":"Araras ser\u00e1 o primeiro bairro que ir\u00e1 receber a campanha de castra\u00e7\u00e3o de c\u00e3es e gatos"},"content":{"rendered":"\n<p><em>Iniciativa, solicitada pelo vereador J\u00fanior Coruja, visa promover sa\u00fade p\u00fablica e controle populacional de animais<\/em><\/p>\n\n\n\n<p>A partir desta segunda-feira (24\/02), moradores de Araras e do Vale das Videiras, em Petr\u00f3polis, poder\u00e3o cadastrar c\u00e3es e gatos para castra\u00e7\u00e3o gratuita, gra\u00e7as a uma iniciativa do vereador J\u00fanior Coruja (PSD), atendida pela Prefeitura. A a\u00e7\u00e3o, articulada com o prefeito Hingo Hammes (PP), tem como objetivo combater o abandono de animais, reduzir a superpopula\u00e7\u00e3o de pets e contribuir para a sa\u00fade p\u00fablica na regi\u00e3o.<\/p>\n\n\n\n<p>Os cadastros ser\u00e3o realizados em postos estrat\u00e9gicos da comunidade entre os dias 24 e 26 de fevereiro, em unidades de sa\u00fade e associa\u00e7\u00f5es de moradores. Vale ressaltar que neste primeiro momento n\u00e3o \u00e9 necess\u00e1rio o tutor levar os animais, apenas a documenta\u00e7\u00e3o para a realiza\u00e7\u00e3o do cadastro (identidade, CPF e comprovante de resid\u00eancia), a campanha est\u00e1 prevista para acontecer ap\u00f3s trinta dias do cadastro, entre 24 e 26 de mar\u00e7o.<\/p>\n\n\n\n<p><strong>Locais e hor\u00e1rios de registro:<\/strong><\/p>\n\n\n\n<p>24\/02 (segunda-feira):<br>Associa\u00e7\u00e3o de Moradores do Malta (9h \u00e0s 16h) \u2013 Estrada Bernardo Coutinho, 9.435.<br>PSF Vale das Videiras (10h \u00e0s 15h) \u2013 Estrada Almirante Paulo Meira, s\/n.<\/p>\n\n\n\n<p>25\/02 (ter\u00e7a-feira):<br>Associa\u00e7\u00e3o Santa Luzia (9h \u00e0s 13h) \u2013 Estrada do Mata Cavalo, pr\u00f3ximo ao n\u00ba 525.<br>UBS Araras (9h \u00e0s 16h) \u2013 Estrada Bernardo Coutinho, 3.435.<\/p>\n\n\n\n<p>26\/02 (quarta-feira):<br>Quadra de Esportes da Vila do Sossego (9h \u00e0s 12h) \u2013 BR-040, Km 65.<br>UBS Araras (9h \u00e0s 16h) \u2013 Estrada Bernardo Coutinho, 3.435.<\/p>\n\n\n\n<p>O vereador J\u00fanior Coruja destacou a import\u00e2ncia da medida: \u201cEsta \u00e9 uma conquista para a popula\u00e7\u00e3o e para os animais. A castra\u00e7\u00e3o reduz doen\u00e7as, evita crias indesejadas e garante maior qualidade de vida aos pets. Agrade\u00e7o ao prefeito Hingo Hammes por abra\u00e7ar essa causa\u201d.<\/p>\n\n\n\n<p>A a\u00e7\u00e3o tem previs\u00e3o para atender centenas de fam\u00edlias da regi\u00e3o.<\/p>\n","protected":false},"excerpt":{"rendered":"<p>Iniciativa, solicitada pelo vereador J\u00fanior Coruja, visa promover sa\u00fade p\u00fablica e controle populacional de animais<\/p>\n","protected":false},"author":2,"featured_media":70834,"comment_status":"open","ping_status":"open","sticky":false,"template":"","format":"standard","meta":{"footnotes":""},"categories":[12],"tags":[],"class_list":["post-99557","post","type-post","status-publish","format-standard","has-post-thumbnail","hentry","category-cidade"],"_links":{"self":[{"href":"https:\/\/tvc16.com\/portal\/wp-json\/wp\/v2\/posts\/99557","targetHints":{"allow":["GET"]}}],"collection":[{"href":"https:\/\/tvc16.com\/portal\/wp-json\/wp\/v2\/posts"}],"about":[{"href":"https:\/\/tvc16.com\/portal\/wp-json\/wp\/v2\/types\/post"}],"author":[{"embeddable":true,"href":"https:\/\/tvc16.com\/portal\/wp-json\/wp\/v2\/users\/2"}],"replies":[{"embeddable":true,"href":"https:\/\/tvc16.com\/portal\/wp-json\/wp\/v2\/comments?post=99557"}],"version-history":[{"count":1,"href":"https:\/\/tvc16.com\/portal\/wp-json\/wp\/v2\/posts\/99557\/revisions"}],"predecessor-version":[{"id":99559,"href":"https:\/\/tvc16.com\/portal\/wp-json\/wp\/v2\/posts\/99557\/revisions\/99559"}],"wp:featuredmedia":[{"embeddable":true,"href":"https:\/\/tvc16.com\/portal\/wp-json\/wp\/v2\/media\/70834"}],"wp:attachment":[{"href":"https:\/\/tvc16.com\/portal\/wp-json\/wp\/v2\/media?parent=99557"}],"wp:term":[{"taxonomy":"category","embeddable":true,"href":"https:\/\/tvc16.com\/portal\/wp-json\/wp\/v2\/categories?post=99557"},{"taxonomy":"post_tag","embeddable":true,"href":"https:\/\/tvc16.com\/portal\/wp-json\/wp\/v2\/tags?post=99557"}],"curies":[{"name":"wp","href":"https:\/\/api.w.org\/{rel}","templated":true}]}}