{"id":99560,"date":"2025-02-22T15:00:00","date_gmt":"2025-02-22T18:00:00","guid":{"rendered":"https:\/\/tvc16.com\/portal\/?p=99560"},"modified":"2025-02-21T17:26:12","modified_gmt":"2025-02-21T20:26:12","slug":"bazar-solidario-na-casa-de-apoio-da-appo-comeca-dia-24-com-pecas-a-partir-de-r5","status":"publish","type":"post","link":"https:\/\/tvc16.com\/portal\/2025\/02\/22\/bazar-solidario-na-casa-de-apoio-da-appo-comeca-dia-24-com-pecas-a-partir-de-r5\/","title":{"rendered":"Bazar Solid\u00e1rio na Casa de Apoio da APPO come\u00e7a dia 24 com pe\u00e7as a partir de R$5"},"content":{"rendered":"\n<p><em>Evento funciona de segunda a sexta-feira, das 9h \u00e0s 16h<\/em><\/p>\n\n\n\n<p>A partir de segunda-feira, 24 de fevereiro, a Casa de Apoio da Associa\u00e7\u00e3o Petropolitana dos Pacientes Oncol\u00f3gicos (APPO) abrir\u00e1 suas portas para mais uma edi\u00e7\u00e3o do tradicional Bazar Solid\u00e1rio, que seguir\u00e1 at\u00e9 28 de mar\u00e7o. Com pre\u00e7os promocionais a partir de R$5 e um teto m\u00e1ximo de R$25, a atividade ser\u00e1 realizada de segunda a sexta-feira, das 10h \u00e0s 16h, com uma pausa no dia 28 de fevereiro e retorno das atividades em 06 de mar\u00e7o.<\/p>\n\n\n\n<p>Com um acervo variado de roupas, sapatos, acess\u00f3rios, utens\u00edlios dom\u00e9sticos, m\u00f3veis e objetos de decora\u00e7\u00e3o, o bazar funciona como uma importante a\u00e7\u00e3o de capta\u00e7\u00e3o de recursos para a institui\u00e7\u00e3o. \u201cEsse bazar \u00e9 muito esperado pela comunidade, que j\u00e1 conhece os produtos de qualidade e os valores acess\u00edveis. Al\u00e9m disso, a arrecada\u00e7\u00e3o \u00e9 fundamental para a manuten\u00e7\u00e3o dos servi\u00e7os oferecidos pela APPO\u201d, destaca Ana Cristina Mattos, presidente volunt\u00e1ria da institui\u00e7\u00e3o.<\/p>\n\n\n\n<p>Para os clientes fixos do Bazar da APPO no Centro Hist\u00f3rico, a institui\u00e7\u00e3o confirma que este tamb\u00e9m estar\u00e1 em pleno funcionamento e seguindo os valores especiais. O Bazar fica na Rua do Imperador, 842, loja 4, (galeria ao lado do Spoleto, onde funcionava o Guich\u00ea da \u00danica) e funciona de segunda a sexta-feira, das 9h \u00e0s 18h.<\/p>\n\n\n\n<p>Moda Circular: Consumo Inteligente e Sustent\u00e1vel<br>O evento tamb\u00e9m refor\u00e7a a import\u00e2ncia da moda circular, um conceito que incentiva o consumo consciente e sustent\u00e1vel, prolongando a vida \u00fatil de pe\u00e7as e evitando o desperd\u00edcio. Todas as roupas e itens vendidos no bazar s\u00e3o doados por moradores da cidade e passam por um criterioso processo de triagem antes de serem disponibilizados para venda.<\/p>\n\n\n\n<p>Essa iniciativa n\u00e3o apenas possibilita que os consumidores adquiram pe\u00e7as de qualidade por pre\u00e7os acess\u00edveis, mas tamb\u00e9m reduz o impacto ambiental gerado pelo descarte precoce de vestu\u00e1rio e objetos, fortalecendo um modelo de consumo mais respons\u00e1vel.<\/p>\n\n\n\n<p>Uma Institui\u00e7\u00e3o Mantida Pela Solidariedade<br>A APPO \u00e9 uma institui\u00e7\u00e3o sem fins lucrativos, de direito privado, sem v\u00ednculo pol\u00edtico-partid\u00e1rio ou religioso, que sobrevive exclusivamente de doa\u00e7\u00f5es. Toda a renda obtida com o bazar \u00e9 revertida para a manuten\u00e7\u00e3o dos servi\u00e7os oferecidos pela institui\u00e7\u00e3o, que incluem acolhimento na Casa de Apoio, alimenta\u00e7\u00e3o completa para pacientes em tratamento oncol\u00f3gico, atendimento multidisciplinar e doa\u00e7\u00e3o de cestas de alimentos para fam\u00edlias em situa\u00e7\u00e3o de vulnerabilidade.<\/p>\n\n\n\n<p>Al\u00e9m de participar do bazar, a comunidade pode contribuir com doa\u00e7\u00f5es de roupas, alimentos, materiais de higiene e recursos financeiros, garantindo que mais pacientes tenham suporte durante o tratamento contra o c\u00e2ncer.<\/p>\n","protected":false},"excerpt":{"rendered":"<p>Evento funciona de segunda a sexta-feira, das 9h \u00e0s 16h A partir de segunda-feira, 24<\/p>\n","protected":false},"author":2,"featured_media":71720,"comment_status":"open","ping_status":"open","sticky":false,"template":"","format":"standard","meta":{"footnotes":""},"categories":[12],"tags":[],"class_list":["post-99560","post","type-post","status-publish","format-standard","has-post-thumbnail","hentry","category-cidade"],"_links":{"self":[{"href":"https:\/\/tvc16.com\/portal\/wp-json\/wp\/v2\/posts\/99560","targetHints":{"allow":["GET"]}}],"collection":[{"href":"https:\/\/tvc16.com\/portal\/wp-json\/wp\/v2\/posts"}],"about":[{"href":"https:\/\/tvc16.com\/portal\/wp-json\/wp\/v2\/types\/post"}],"author":[{"embeddable":true,"href":"https:\/\/tvc16.com\/portal\/wp-json\/wp\/v2\/users\/2"}],"replies":[{"embeddable":true,"href":"https:\/\/tvc16.com\/portal\/wp-json\/wp\/v2\/comments?post=99560"}],"version-history":[{"count":1,"href":"https:\/\/tvc16.com\/portal\/wp-json\/wp\/v2\/posts\/99560\/revisions"}],"predecessor-version":[{"id":99561,"href":"https:\/\/tvc16.com\/portal\/wp-json\/wp\/v2\/posts\/99560\/revisions\/99561"}],"wp:featuredmedia":[{"embeddable":true,"href":"https:\/\/tvc16.com\/portal\/wp-json\/wp\/v2\/media\/71720"}],"wp:attachment":[{"href":"https:\/\/tvc16.com\/portal\/wp-json\/wp\/v2\/media?parent=99560"}],"wp:term":[{"taxonomy":"category","embeddable":true,"href":"https:\/\/tvc16.com\/portal\/wp-json\/wp\/v2\/categories?post=99560"},{"taxonomy":"post_tag","embeddable":true,"href":"https:\/\/tvc16.com\/portal\/wp-json\/wp\/v2\/tags?post=99560"}],"curies":[{"name":"wp","href":"https:\/\/api.w.org\/{rel}","templated":true}]}}