{"id":99562,"date":"2025-02-22T05:00:00","date_gmt":"2025-02-22T08:00:00","guid":{"rendered":"https:\/\/tvc16.com\/portal\/?p=99562"},"modified":"2025-02-21T11:23:16","modified_gmt":"2025-02-21T14:23:16","slug":"matines-e-baile-brega-dos-mamonas-agitam-tradicional-carnaval-de-petropolis","status":"publish","type":"post","link":"https:\/\/tvc16.com\/portal\/2025\/02\/22\/matines-e-baile-brega-dos-mamonas-agitam-tradicional-carnaval-de-petropolis\/","title":{"rendered":"Matin\u00eas e Baile Brega dos Mamonas agitam tradicional Carnaval de Petr\u00f3polis"},"content":{"rendered":"\n<p>Para celebrar a grande festa do carnaval, o HiperShopping preparou uma programa\u00e7\u00e3o especial para toda a fam\u00edlia. Seis matin\u00eas infantis e cinco shows especiais no Palco Hiper da Pra\u00e7a de Alimenta\u00e7\u00e3o esperam o petropolitano e o turista em ambiente climatizado para aguentar o calor\u00e3o de 2025.<\/p>\n\n\n\n<p>O shopping est\u00e1 todo decorado para receber os foli\u00f5es, j\u00e1 que as matin\u00eas infantis come\u00e7am neste s\u00e1bado, 22 de fevereiro, com o tradicional Pr\u00e9-Carnaval do HiperShopping. Os bailinhos ter\u00e3o personagens infantis e tatuagem para as crian\u00e7as. A programa\u00e7\u00e3o deste ano vai contar com um animado baile no s\u00e1bado de carnaval, dia 1 de mar\u00e7o, com a banda Creuzebeck, cover dos Mamonas, e muito samba na Pra\u00e7a de Alimenta\u00e7\u00e3o durante todos os dias de carnaval.<\/p>\n\n\n\n<p><strong>Confira a programa\u00e7\u00e3o completa:<\/strong><\/p>\n\n\n\n<p>Fevereiro<\/p>\n\n\n\n<ul class=\"wp-block-list\">\n<li>22\/02 (s\u00e1bado):<br>15h-18h: Matin\u00ea infantil Pr\u00e9-Carnaval \u2013 primeiro piso.<\/li>\n\n\n\n<li>28\/02 (sexta):<br>19h-22h: Samba na Pra\u00e7a com Marcos Paulo e Maquininha &#8211; @marcospauloemaquininhaoficial.<\/li>\n<\/ul>\n\n\n\n<p>Mar\u00e7o<\/p>\n\n\n\n<ul class=\"wp-block-list\">\n<li>01\/03 (s\u00e1bado):<br>15h-18h: Matin\u00ea infantil \u2013 primeiro piso;<br>19h-22h: Baile de Carnaval com a banda Creuzebeck , Cover dos Mamonas. @creuzebeckmamonas;<\/li>\n\n\n\n<li>02\/03 (domingo):<br>15h-18h: Matin\u00ea infantil na Pra\u00e7a de Alimenta\u00e7\u00e3o;<br>19h-22h: Samba na Pra\u00e7a com Bruno Chiozzo Duo &#8211; @brunochiozzo_oficial;<\/li>\n\n\n\n<li>03\/03 (segunda):<br>15h-18h: Matin\u00ea infantil \u2013 na Pra\u00e7a de Alimenta\u00e7\u00e3o;<br>19h-22h: Samba na Pra\u00e7a com o pagodeiro Huud &#8211; @huudcantor;<\/li>\n\n\n\n<li>04\/03 (ter\u00e7a):<br>15h-18h: Matin\u00ea infantil \u2013 na Pra\u00e7a de Alimenta\u00e7\u00e3o;<br>19h-22h: Samba na Pra\u00e7a com Marcos Paulo e Maquininha &#8211; @marcospauloemaquininhaoficial;<\/li>\n\n\n\n<li>08\/03 (s\u00e1bado):<br>15h-18h: Matin\u00ea infantil com o Baile da Ressaquinha \u2013 primeiro piso.<\/li>\n<\/ul>\n\n\n\n<p>O HiperShopping oferece todo o conforto e seguran\u00e7a para a fam\u00edlia aproveitar o Carnaval com tranquilidade e conta com um amplo estacionamento com capacidade para cerca de mil carros.<\/p>\n","protected":false},"excerpt":{"rendered":"<p>Para celebrar a grande festa do carnaval, o HiperShopping preparou uma programa\u00e7\u00e3o especial para toda<\/p>\n","protected":false},"author":2,"featured_media":99563,"comment_status":"open","ping_status":"open","sticky":false,"template":"","format":"standard","meta":{"footnotes":""},"categories":[12],"tags":[],"class_list":["post-99562","post","type-post","status-publish","format-standard","has-post-thumbnail","hentry","category-cidade"],"_links":{"self":[{"href":"https:\/\/tvc16.com\/portal\/wp-json\/wp\/v2\/posts\/99562","targetHints":{"allow":["GET"]}}],"collection":[{"href":"https:\/\/tvc16.com\/portal\/wp-json\/wp\/v2\/posts"}],"about":[{"href":"https:\/\/tvc16.com\/portal\/wp-json\/wp\/v2\/types\/post"}],"author":[{"embeddable":true,"href":"https:\/\/tvc16.com\/portal\/wp-json\/wp\/v2\/users\/2"}],"replies":[{"embeddable":true,"href":"https:\/\/tvc16.com\/portal\/wp-json\/wp\/v2\/comments?post=99562"}],"version-history":[{"count":1,"href":"https:\/\/tvc16.com\/portal\/wp-json\/wp\/v2\/posts\/99562\/revisions"}],"predecessor-version":[{"id":99564,"href":"https:\/\/tvc16.com\/portal\/wp-json\/wp\/v2\/posts\/99562\/revisions\/99564"}],"wp:featuredmedia":[{"embeddable":true,"href":"https:\/\/tvc16.com\/portal\/wp-json\/wp\/v2\/media\/99563"}],"wp:attachment":[{"href":"https:\/\/tvc16.com\/portal\/wp-json\/wp\/v2\/media?parent=99562"}],"wp:term":[{"taxonomy":"category","embeddable":true,"href":"https:\/\/tvc16.com\/portal\/wp-json\/wp\/v2\/categories?post=99562"},{"taxonomy":"post_tag","embeddable":true,"href":"https:\/\/tvc16.com\/portal\/wp-json\/wp\/v2\/tags?post=99562"}],"curies":[{"name":"wp","href":"https:\/\/api.w.org\/{rel}","templated":true}]}}