{"id":99569,"date":"2025-02-21T14:03:32","date_gmt":"2025-02-21T17:03:32","guid":{"rendered":"https:\/\/tvc16.com\/portal\/?p=99569"},"modified":"2025-02-21T14:03:33","modified_gmt":"2025-02-21T17:03:33","slug":"bloquinho-da-saude-acontece-neste-sabado-no-castrioto","status":"publish","type":"post","link":"https:\/\/tvc16.com\/portal\/2025\/02\/21\/bloquinho-da-saude-acontece-neste-sabado-no-castrioto\/","title":{"rendered":"\u201cBloquinho da Sa\u00fade\u201d acontece neste s\u00e1bado no Castrioto"},"content":{"rendered":"\n<p>A Prefeitura de Petr\u00f3polis, atrav\u00e9s da Secretaria Municipal de Sa\u00fade, promove neste s\u00e1bado (22), na Unidade de Sa\u00fade da Fam\u00edlia do Castrioto, o \u201cBloquinho da Sa\u00fade\u201d. \u00c9 um evento que vai levar atendimentos gratuitos de sa\u00fade \u00e0 popula\u00e7\u00e3o. Ser\u00e3o oferecidos servi\u00e7os de aferi\u00e7\u00e3o de press\u00e3o arterial, glicose e testes r\u00e1pidos de HIV, hepatite B e C e s\u00edfilis.<\/p>\n\n\n\n<p>A\u00e7\u00e3o ser\u00e1 tamb\u00e9m uma oportunidade para colocar o calend\u00e1rio de vacina em dia. Haver\u00e1 ainda a distribui\u00e7\u00e3o de preservativos e orienta\u00e7\u00f5es para a sa\u00fade bucal. Uma equipe composta por sete profissionais da sa\u00fade, incluindo m\u00e9dico e enfermeiro, far\u00e1 o atendimento, que vai acontecer na pr\u00f3pria USF, das 9h \u00e0s 16h. A USF Castrioto fica localizada na Rua Santa Rita de C\u00e1ssia, n\u00ba 114.<\/p>\n\n\n\n<p>Foto: divulga\u00e7\u00e3o <\/p>\n","protected":false},"excerpt":{"rendered":"<p>A Prefeitura de Petr\u00f3polis, atrav\u00e9s da Secretaria Municipal de Sa\u00fade, promove neste s\u00e1bado (22), na<\/p>\n","protected":false},"author":2,"featured_media":99570,"comment_status":"open","ping_status":"open","sticky":false,"template":"","format":"standard","meta":{"footnotes":""},"categories":[12],"tags":[],"class_list":["post-99569","post","type-post","status-publish","format-standard","has-post-thumbnail","hentry","category-cidade"],"_links":{"self":[{"href":"https:\/\/tvc16.com\/portal\/wp-json\/wp\/v2\/posts\/99569","targetHints":{"allow":["GET"]}}],"collection":[{"href":"https:\/\/tvc16.com\/portal\/wp-json\/wp\/v2\/posts"}],"about":[{"href":"https:\/\/tvc16.com\/portal\/wp-json\/wp\/v2\/types\/post"}],"author":[{"embeddable":true,"href":"https:\/\/tvc16.com\/portal\/wp-json\/wp\/v2\/users\/2"}],"replies":[{"embeddable":true,"href":"https:\/\/tvc16.com\/portal\/wp-json\/wp\/v2\/comments?post=99569"}],"version-history":[{"count":1,"href":"https:\/\/tvc16.com\/portal\/wp-json\/wp\/v2\/posts\/99569\/revisions"}],"predecessor-version":[{"id":99571,"href":"https:\/\/tvc16.com\/portal\/wp-json\/wp\/v2\/posts\/99569\/revisions\/99571"}],"wp:featuredmedia":[{"embeddable":true,"href":"https:\/\/tvc16.com\/portal\/wp-json\/wp\/v2\/media\/99570"}],"wp:attachment":[{"href":"https:\/\/tvc16.com\/portal\/wp-json\/wp\/v2\/media?parent=99569"}],"wp:term":[{"taxonomy":"category","embeddable":true,"href":"https:\/\/tvc16.com\/portal\/wp-json\/wp\/v2\/categories?post=99569"},{"taxonomy":"post_tag","embeddable":true,"href":"https:\/\/tvc16.com\/portal\/wp-json\/wp\/v2\/tags?post=99569"}],"curies":[{"name":"wp","href":"https:\/\/api.w.org\/{rel}","templated":true}]}}