{"id":99572,"date":"2025-02-22T10:00:00","date_gmt":"2025-02-22T13:00:00","guid":{"rendered":"https:\/\/tvc16.com\/portal\/?p=99572"},"modified":"2025-02-21T17:05:56","modified_gmt":"2025-02-21T20:05:56","slug":"blocos-bailes-e-escolas-de-samba-devem-reunir-8-milhoes-no-rio","status":"publish","type":"post","link":"https:\/\/tvc16.com\/portal\/2025\/02\/22\/blocos-bailes-e-escolas-de-samba-devem-reunir-8-milhoes-no-rio\/","title":{"rendered":"Blocos, bailes e escolas de samba devem reunir 8 milh\u00f5es no Rio"},"content":{"rendered":"\n<p>\u201cEsquenta do carnaval\u201d j\u00e1 come\u00e7ou com testes de som no Samb\u00f3dromo<\/p>\n\n\n\n<p>Os blocos de rua e desfiles de escolas de samba no Rio devem reunir um p\u00fablico total de 8 milh\u00f5es de pessoas, durante a semana de carnaval, ou seja, de sexta-feira (28) at\u00e9 domingo (9). O n\u00famero tem como base o carnaval 2024 e inclui a estimativa de foli\u00f5es nos blocos da cidade (6 milh\u00f5es), al\u00e9m dos 2 milh\u00f5es de pessoas que passar\u00e3o pelos bailes carnavalescos e pelos locais de desfile das escolas (Samb\u00f3dromo e avenida Intendente Magalh\u00e3es).<img decoding=\"async\" src=\"https:\/\/agenciabrasil.ebc.com.br\/ebc.png?id=1631346&amp;o=node\"><img decoding=\"async\" src=\"https:\/\/agenciabrasil.ebc.com.br\/ebc.gif?id=1631346&amp;o=node\"><\/p>\n\n\n\n<p>No Samb\u00f3dromo, por exemplo, onde desfilam as escolas do Grupo Especial, da S\u00e9rie Ouro (segunda divis\u00e3o) e mirins, s\u00e3o esperadas 120 mil pessoas, por dia, ao longo de sete dias. J\u00e1 na Intendente Magalh\u00e3es, em seis dias de desfile das s\u00e9ries Prata e Bronze (terceira e quarta divis\u00f5es) e dos blocos de enredo, o p\u00fablico estimado \u00e9 mais do que o dobro do Samb\u00f3dromo: 250 mil.<\/p>\n\n\n\n<p>Nos bailes espalhados pela cidade, espera-se reunir cerca de meio milh\u00e3o de pessoas. \u201cS\u00e3o n\u00fameros verdadeiramente impressionantes, lembrando que a cidade do Rio tem 6,2 milh\u00f5es de pessoas [habitantes]. A gente faz uma \u2018olimp\u00edada\u2019 por ano. \u00c9 uma grande opera\u00e7\u00e3o de cidade\u201d, afirmou o diretor executivo do Centro de Opera\u00e7\u00f5es e Resili\u00eancia (COR) da cidade do Rio, Marcus Belchior.<\/p>\n\n\n\n<p>Belchior afirmou que a cidade j\u00e1 vem lidando com o pr\u00e9-carnaval, que, nas \u00faltimas semanas, envolveu centenas de blocos de rua e ensaios t\u00e9cnicos das escolas de samba, no Samb\u00f3dromo.<\/p>\n\n\n\n<p>Nos pr\u00f3ximos dias, no entanto, a opera\u00e7\u00e3o se intensifica, com a chegada de turistas e o movimento de sa\u00edda de cariocas. Ao mesmo tempo, a cidade passa por um momento de calor intenso, que apesar de ter reduzido em rela\u00e7\u00e3o aos \u00faltimos dias, continua forte.<\/p>\n\n\n\n<p>\u201cA gente reduziu [nesta sexta-feira] o protocolo de Calor 4 para Calor 3, mas n\u00e3o quer dizer que est\u00e1 tudo bem. Estava muito quente, mas agora est\u00e1 bem quente ainda. A gente permanece com as recomenda\u00e7\u00f5es de beber \u00e1gua, usar roupas leves\u201d, destacou Belchior.<\/p>\n\n\n\n<p>O monitoramento do carnaval ficar\u00e1 por conta de 500 operadores que se revezar\u00e3o no Centro de Opera\u00e7\u00f5es e contar\u00e3o com o apoio de c\u00e2meras e drones, principalmente nas \u00e1reas do Samb\u00f3dromo e da Intendente Magalh\u00e3es. Na Passarela do Samba, por exemplo, haver\u00e1 24 c\u00e2meras internas e dois drones.<\/p>\n\n\n\n<p>Quase mil agentes da Guarda Municipal e da Secretaria de Ordem P\u00fablica ficar\u00e3o respons\u00e1veis pelo ordenamento do entorno das \u00e1reas de desfiles. Os bloqueios de tr\u00e2nsito nos arredores do Samb\u00f3dromo come\u00e7am \u00e0s 11h de sexta-feira (28).<\/p>\n\n\n\n<p>Haver\u00e1 refor\u00e7o de \u00f4nibus na regi\u00e3o do Samb\u00f3dromo e funcionamento do BRT e do metr\u00f4 24 horas por dia, nos dias de desfile.<\/p>\n\n\n\n<h2 class=\"wp-block-heading\">Novidades<\/h2>\n\n\n\n<p>O presidente da empresa de turismo da cidade, Riotur, Bernardo Fellows, disse que, nesta sexta-feira (21), come\u00e7a o \u201cesquenta do carnaval\u201d, com o in\u00edcio dos testes de som e luz no Samb\u00f3dromo.<\/p>\n\n\n\n<p>Ele destacou que, neste ano, haver\u00e1 duas novidades no Samb\u00f3dromo. A primeira \u00e9 que os desfiles das escolas do Grupo Especial ser\u00e3o realizados em tr\u00eas noites (domingo, segunda e ter\u00e7a), em vez de duas.<\/p>\n\n\n\n<p>Outra novidade ser\u00e3o as rodas de samba ao fim dos desfiles, na Pra\u00e7a da Apoteose, onde ocorre a dispers\u00e3o as escolas de samba. \u201cIsso vai ajudar muito a dividir o p\u00fablico na sa\u00edda. Aqueles que querem j\u00e1 ir embora podem ir, mas outros podem ficar para curtir mais um pouquinho. Isso vai ajudar muito no sistema de transporte de sa\u00edda [do Samb\u00f3dromo]\u201d.<\/p>\n\n\n\n<p>Tamb\u00e9m est\u00e1 mantida a programa\u00e7\u00e3o de&nbsp;<em>shows<\/em>&nbsp;no Terreir\u00e3o do Samba, que fica pr\u00f3ximo \u00e0 \u00e1rea de concentra\u00e7\u00e3o das escolas de samba, ao longo dos dez dias de carnaval.<\/p>\n\n\n\n<p>Foto: Tomaz Silva\/Ag\u00eancia Brasil<\/p>\n","protected":false},"excerpt":{"rendered":"<p>\u201cEsquenta do carnaval\u201d j\u00e1 come\u00e7ou com testes de som no Samb\u00f3dromo Os blocos de rua<\/p>\n","protected":false},"author":2,"featured_media":99573,"comment_status":"open","ping_status":"open","sticky":false,"template":"","format":"standard","meta":{"footnotes":""},"categories":[17,1],"tags":[],"class_list":["post-99572","post","type-post","status-publish","format-standard","has-post-thumbnail","hentry","category-outras-noticias","category-uncategorized"],"_links":{"self":[{"href":"https:\/\/tvc16.com\/portal\/wp-json\/wp\/v2\/posts\/99572","targetHints":{"allow":["GET"]}}],"collection":[{"href":"https:\/\/tvc16.com\/portal\/wp-json\/wp\/v2\/posts"}],"about":[{"href":"https:\/\/tvc16.com\/portal\/wp-json\/wp\/v2\/types\/post"}],"author":[{"embeddable":true,"href":"https:\/\/tvc16.com\/portal\/wp-json\/wp\/v2\/users\/2"}],"replies":[{"embeddable":true,"href":"https:\/\/tvc16.com\/portal\/wp-json\/wp\/v2\/comments?post=99572"}],"version-history":[{"count":1,"href":"https:\/\/tvc16.com\/portal\/wp-json\/wp\/v2\/posts\/99572\/revisions"}],"predecessor-version":[{"id":99574,"href":"https:\/\/tvc16.com\/portal\/wp-json\/wp\/v2\/posts\/99572\/revisions\/99574"}],"wp:featuredmedia":[{"embeddable":true,"href":"https:\/\/tvc16.com\/portal\/wp-json\/wp\/v2\/media\/99573"}],"wp:attachment":[{"href":"https:\/\/tvc16.com\/portal\/wp-json\/wp\/v2\/media?parent=99572"}],"wp:term":[{"taxonomy":"category","embeddable":true,"href":"https:\/\/tvc16.com\/portal\/wp-json\/wp\/v2\/categories?post=99572"},{"taxonomy":"post_tag","embeddable":true,"href":"https:\/\/tvc16.com\/portal\/wp-json\/wp\/v2\/tags?post=99572"}],"curies":[{"name":"wp","href":"https:\/\/api.w.org\/{rel}","templated":true}]}}