{"id":99575,"date":"2025-02-22T12:00:00","date_gmt":"2025-02-22T15:00:00","guid":{"rendered":"https:\/\/tvc16.com\/portal\/?p=99575"},"modified":"2025-02-21T17:16:23","modified_gmt":"2025-02-21T20:16:23","slug":"brasil-tera-nova-onda-de-calor-neste-final-de-semana","status":"publish","type":"post","link":"https:\/\/tvc16.com\/portal\/2025\/02\/22\/brasil-tera-nova-onda-de-calor-neste-final-de-semana\/","title":{"rendered":"Brasil ter\u00e1 nova onda de calor neste final de semana"},"content":{"rendered":"\n<p>Previs\u00e3o \u00e9 de temperaturas elevadas at\u00e9 a pr\u00f3xima quinta-feira (27)<\/p>\n\n\n\n<p>O Brasil deve enfrentar uma nova onda de calor neste final de semana. O Instituto Nacional de Meteorologia (Inmet) aponta que o centro-oeste ga\u00facho pode atingir os 40\u00ba C. Para o Inmet, a nova onda de calor seria a terceira no pa\u00eds neste ano. A primeira foi entre os dias 17 e 23 de janeiro e a segunda ocorreu entre os dias 2 e 12 de fevereiro, ambas localizadas tamb\u00e9m no Rio Grande do Sul.<img decoding=\"async\" src=\"https:\/\/agenciabrasil.ebc.com.br\/ebc.png?id=1631404&amp;o=node\"><img decoding=\"async\" src=\"https:\/\/agenciabrasil.ebc.com.br\/ebc.gif?id=1631404&amp;o=node\"><\/p>\n\n\n\n<p>O Inmet explica que, conforme a Organiza\u00e7\u00e3o Meteorol\u00f3gica Mundial (OMM), \u201cuma onda de calor \u00e9 caracterizada quando as temperaturas m\u00e1ximas di\u00e1rias ultrapassam em 5\u00ba C ou mais a m\u00e9dia mensal durante, no m\u00ednimo, cinco dias consecutivos\u201d. E acrescenta que \u201cessa condi\u00e7\u00e3o deve abranger uma \u00e1rea extensa\u201d.<\/p>\n\n\n\n<p>Para as demais regi\u00f5es, as instabilidades na Regi\u00e3o&nbsp;Norte&nbsp;continuam, principalmente nas \u00e1reas que v\u00e3o do Amap\u00e1 at\u00e9 o Maranh\u00e3o. Os volumes de chuva podem atingir 100 mm em 24 horas, e os ventos, at\u00e9 100 km\/h. Situa\u00e7\u00e3o resultante da presen\u00e7a nestes locais da zona de converg\u00eancia intertropical (ZCIT).<\/p>\n\n\n\n<p>De norte a sul, o pa\u00eds est\u00e1 sujeito a fortes chuvas no final de semana, com aviso amarelo de perigo potencial. O volume m\u00e9dio previsto \u00e9 de at\u00e9 50 mm, e ventos de at\u00e9 60 km\/h.<\/p>\n\n\n\n<p><strong>Rio de Janeiro<\/strong><\/p>\n\n\n\n<p>No Rio de Janeiro, a previs\u00e3o do Inmet para amanh\u00e3&nbsp;tamb\u00e9m \u00e9 de um s\u00e1bado com bastante calor, com a temperatura chegando aos 36\u00ba C, mas com pouca nebulosidade. J\u00e1 no domingo (23) o calor deve chegar aos 35\u00ba C e forma\u00e7\u00e3o de muitas nuvens, embora sem previs\u00e3o de chuvas. Na segunda-feira (24)&nbsp;devem acontecer pancadas de chuva isoladas.<\/p>\n\n\n\n<p>O calor no Rio de Janeiro fez com que mais de&nbsp;<a href=\"https:\/\/agenciabrasil.ebc.com.br\/geral\/noticia\/2025-02\/calor-levou-mais-de-5-mil-pessoas-buscar-atendimento-no-rio-em-2025\" target=\"_blank\" rel=\"noreferrer noopener\">5 mil pessoas buscassem atendimento<\/a>&nbsp;em unidades do Sistema \u00danico de Sa\u00fade (SUS) desde o in\u00edcio do ano. Apenas em fevereiro, cerca de 2,4 mil pessoas recorrem a unidades de emerg\u00eancia do SUS por complica\u00e7\u00f5es causados pela onda de calor.<\/p>\n\n\n\n<p>A capital fluminense atingiu na \u00faltima segunda-feira (17) o&nbsp;<a href=\"https:\/\/agenciabrasil.ebc.com.br\/geral\/noticia\/2025-02\/entenda-o-nivel-4-de%20calor-e-como-se-proteger-da-alta-temperatura\" target=\"_blank\" rel=\"noreferrer noopener\">n\u00edvel 4 de calor<\/a>,&nbsp;o&nbsp;segundo mais alto em uma escala que vai at\u00e9 5. Esta foi&nbsp;a primeira vez que o Rio atingiu&nbsp;o patamar, desde a cria\u00e7\u00e3o dos n\u00edveis pela prefeitura, em junho de 2024.&nbsp;Na segunda-feira, os&nbsp;<a href=\"https:\/\/agenciabrasil.ebc.com.br\/geral\/noticia\/2025-02\/rio-chega-a-44-C-maior-temperatura-registrada-desde-2014\" target=\"_blank\" rel=\"noreferrer noopener\">term\u00f4metros chegaram a marcar 44\u00baC<\/a>, a temperatura mais alta&nbsp;registrada pelo Sistema Alerta Rio desde 2014.<\/p>\n\n\n\n<p>Foto: Fernando Fraz\u00e3o<\/p>\n","protected":false},"excerpt":{"rendered":"<p>Previs\u00e3o \u00e9 de temperaturas elevadas at\u00e9 a pr\u00f3xima quinta-feira (27) O Brasil deve enfrentar uma<\/p>\n","protected":false},"author":2,"featured_media":99576,"comment_status":"open","ping_status":"open","sticky":false,"template":"","format":"standard","meta":{"footnotes":""},"categories":[17],"tags":[],"class_list":["post-99575","post","type-post","status-publish","format-standard","has-post-thumbnail","hentry","category-outras-noticias"],"_links":{"self":[{"href":"https:\/\/tvc16.com\/portal\/wp-json\/wp\/v2\/posts\/99575","targetHints":{"allow":["GET"]}}],"collection":[{"href":"https:\/\/tvc16.com\/portal\/wp-json\/wp\/v2\/posts"}],"about":[{"href":"https:\/\/tvc16.com\/portal\/wp-json\/wp\/v2\/types\/post"}],"author":[{"embeddable":true,"href":"https:\/\/tvc16.com\/portal\/wp-json\/wp\/v2\/users\/2"}],"replies":[{"embeddable":true,"href":"https:\/\/tvc16.com\/portal\/wp-json\/wp\/v2\/comments?post=99575"}],"version-history":[{"count":1,"href":"https:\/\/tvc16.com\/portal\/wp-json\/wp\/v2\/posts\/99575\/revisions"}],"predecessor-version":[{"id":99577,"href":"https:\/\/tvc16.com\/portal\/wp-json\/wp\/v2\/posts\/99575\/revisions\/99577"}],"wp:featuredmedia":[{"embeddable":true,"href":"https:\/\/tvc16.com\/portal\/wp-json\/wp\/v2\/media\/99576"}],"wp:attachment":[{"href":"https:\/\/tvc16.com\/portal\/wp-json\/wp\/v2\/media?parent=99575"}],"wp:term":[{"taxonomy":"category","embeddable":true,"href":"https:\/\/tvc16.com\/portal\/wp-json\/wp\/v2\/categories?post=99575"},{"taxonomy":"post_tag","embeddable":true,"href":"https:\/\/tvc16.com\/portal\/wp-json\/wp\/v2\/tags?post=99575"}],"curies":[{"name":"wp","href":"https:\/\/api.w.org\/{rel}","templated":true}]}}