{"id":99578,"date":"2025-02-22T14:00:00","date_gmt":"2025-02-22T17:00:00","guid":{"rendered":"https:\/\/tvc16.com\/portal\/?p=99578"},"modified":"2025-02-21T17:22:36","modified_gmt":"2025-02-21T20:22:36","slug":"diretores-da-rede-estadual-participam-de-acao-sobre-saude-na-escola-e-prevencao-as-violencias-autoprovocadas","status":"publish","type":"post","link":"https:\/\/tvc16.com\/portal\/2025\/02\/22\/diretores-da-rede-estadual-participam-de-acao-sobre-saude-na-escola-e-prevencao-as-violencias-autoprovocadas\/","title":{"rendered":"Diretores da rede estadual participam de a\u00e7\u00e3o sobre sa\u00fade na escola e preven\u00e7\u00e3o \u00e0s viol\u00eancias autoprovocadas"},"content":{"rendered":"\n<p><em>A iniciativa tem o objetivo de conscientizar a comunidade escolar, alcan\u00e7ando as 1.234 unidades do estado<\/em><\/p>\n\n\n\n<p>Promover a sa\u00fade dos alunos e fortalecer a cria\u00e7\u00e3o de diretrizes para enfrentar potenciais riscos psicossociais observados nas escolas. Com estes objetivos em mente, diretores da rede estadual do Rio de Janeiro participaram da a\u00e7\u00e3o que apresentou o Programa Sa\u00fade na Escola (PSE) e o caderno \u2018Viol\u00eancias Autoprovocadas: Construindo Redes de Apoio na Educa\u00e7\u00e3o de Setembro a Setembro\u2019, na \u00faltima sexta-feira (14\/02), no Col\u00e9gio Estadual Herbert de Souza, em Rio Comprido, Zona Norte do Rio. Parceria entre a Secretaria de Estado de Educa\u00e7\u00e3o e a Secretaria de Estado de Sa\u00fade, a iniciativa tem o objetivo de conscientizar a comunidade escolar sobre a import\u00e2ncia da sa\u00fade em diversos \u00e2mbitos.&nbsp;<\/p>\n\n\n\n<p>O evento contou com a presen\u00e7a de gestores est\u00e3o \u00e0 frente das escolas localizadas na \u00e1rea de abrang\u00eancia da Diretoria Regional Metropolitana VI. A expectativa \u00e9 que esta a\u00e7\u00e3o alcance as 1.234 unidades da rede no estado.&nbsp;<\/p>\n\n\n\n<p>\u2014 Sabemos que a educa\u00e7\u00e3o, a dissemina\u00e7\u00e3o de informa\u00e7\u00f5es e a realiza\u00e7\u00e3o de a\u00e7\u00f5es de conscientiza\u00e7\u00e3o que envolvam toda a comunidade escolar t\u00eam um papel important\u00edssimo para combater qualquer tipo de viol\u00eancia, inclusive as autoprovocadas. Por isso, cabe a n\u00f3s darmos as ferramentas necess\u00e1rias para que os alunos possam se desenvolver como cidad\u00e3os conscientes e vencer essas situa\u00e7\u00f5es \u2014 afirmou a secret\u00e1ria de Estado de Educa\u00e7\u00e3o, Roberta Barreto.<\/p>\n\n\n\n<p>Durante a a\u00e7\u00e3o, foi apresentado o Programa Sa\u00fade na Escola (PSE). Uma iniciativa intersetorial dos Minist\u00e9rios da Sa\u00fade e da Educa\u00e7\u00e3o, que tem a finalidade de contribuir para o pleno desenvolvimento dos estudantes da rede p\u00fablica de ensino da educa\u00e7\u00e3o b\u00e1sica, por meio da articula\u00e7\u00e3o entre os profissionais de sa\u00fade da Aten\u00e7\u00e3o Prim\u00e1ria e dos profissionais da educa\u00e7\u00e3o.<\/p>\n\n\n\n<p>&nbsp;\u2014 Esta parceria \u00e9 fundamental para que tenhamos estudantes cada vez mais informados em rela\u00e7\u00e3o a estas tem\u00e1ticas. Precisamos nos unir em todas as frentes \u2014 pontuou Elizabeth Cavallo, diretora regional pedag\u00f3gica.&nbsp;<\/p>\n\n\n\n<p>A Coordenadoria de Gest\u00e3o Intersetorial e Frequ\u00eancia Escolar (Coogin), da Seeduc-RJ, desenvolveu o caderno \u2018Viol\u00eancias Autoprovocadas: Construindo Redes de Apoio na Educa\u00e7\u00e3o de Setembro a Setembro\u2019, que foi entregue na a\u00e7\u00e3o. O objetivo \u00e9 que este material ajude os profissionais a identificar sinais de alerta para situa\u00e7\u00f5es de crise, a promover o uso eficaz de canais de ajuda e fluxos de encaminhamentos apropriados, al\u00e9m de incentivar a constru\u00e7\u00e3o de redes de apoio na comunidade escolar.<\/p>\n\n\n\n<p>\u2014 Este encontro foi essencial, pois somos os pontos focais dentro da escola. Vejo essas iniciativas como de extrema import\u00e2ncia para darmos seguimento ao nosso trabalho, especialmente quando se trata da preven\u00e7\u00e3o \u00e0s diferentes viol\u00eancias. \u00c9 mais que necess\u00e1rio que este assunto seja abordado, uma vez que ficamos respons\u00e1veis para que essas informa\u00e7\u00f5es cheguem aos nossos alunos \u2014 disse Osvaldo Maffei, diretor-geral do Col\u00e9gio Estadual Chiquinha Gonzaga, na Barra da Tijuca, Zona Oeste do Rio.<\/p>\n\n\n\n<p>Fotos: Divulga\u00e7\u00e3o Seeduc-RJ \/ Sandra Barros&nbsp;<\/p>\n\n\n\n<p><\/p>\n","protected":false},"excerpt":{"rendered":"<p>A iniciativa tem o objetivo de conscientizar a comunidade escolar, alcan\u00e7ando as 1.234 unidades do<\/p>\n","protected":false},"author":2,"featured_media":99579,"comment_status":"open","ping_status":"open","sticky":false,"template":"","format":"standard","meta":{"footnotes":""},"categories":[17],"tags":[],"class_list":["post-99578","post","type-post","status-publish","format-standard","has-post-thumbnail","hentry","category-outras-noticias"],"_links":{"self":[{"href":"https:\/\/tvc16.com\/portal\/wp-json\/wp\/v2\/posts\/99578","targetHints":{"allow":["GET"]}}],"collection":[{"href":"https:\/\/tvc16.com\/portal\/wp-json\/wp\/v2\/posts"}],"about":[{"href":"https:\/\/tvc16.com\/portal\/wp-json\/wp\/v2\/types\/post"}],"author":[{"embeddable":true,"href":"https:\/\/tvc16.com\/portal\/wp-json\/wp\/v2\/users\/2"}],"replies":[{"embeddable":true,"href":"https:\/\/tvc16.com\/portal\/wp-json\/wp\/v2\/comments?post=99578"}],"version-history":[{"count":1,"href":"https:\/\/tvc16.com\/portal\/wp-json\/wp\/v2\/posts\/99578\/revisions"}],"predecessor-version":[{"id":99580,"href":"https:\/\/tvc16.com\/portal\/wp-json\/wp\/v2\/posts\/99578\/revisions\/99580"}],"wp:featuredmedia":[{"embeddable":true,"href":"https:\/\/tvc16.com\/portal\/wp-json\/wp\/v2\/media\/99579"}],"wp:attachment":[{"href":"https:\/\/tvc16.com\/portal\/wp-json\/wp\/v2\/media?parent=99578"}],"wp:term":[{"taxonomy":"category","embeddable":true,"href":"https:\/\/tvc16.com\/portal\/wp-json\/wp\/v2\/categories?post=99578"},{"taxonomy":"post_tag","embeddable":true,"href":"https:\/\/tvc16.com\/portal\/wp-json\/wp\/v2\/tags?post=99578"}],"curies":[{"name":"wp","href":"https:\/\/api.w.org\/{rel}","templated":true}]}}