{"id":99590,"date":"2025-02-23T11:00:00","date_gmt":"2025-02-23T14:00:00","guid":{"rendered":"https:\/\/tvc16.com\/portal\/?p=99590"},"modified":"2025-02-21T17:49:47","modified_gmt":"2025-02-21T20:49:47","slug":"inea-capacitara-equipes-para-limpeza-e-cuidado-com-arvores-em-petropolis","status":"publish","type":"post","link":"https:\/\/tvc16.com\/portal\/2025\/02\/23\/inea-capacitara-equipes-para-limpeza-e-cuidado-com-arvores-em-petropolis\/","title":{"rendered":"Inea capacitar\u00e1 equipes para limpeza e cuidado com \u00e1rvores em Petr\u00f3polis"},"content":{"rendered":"\n<p>Assunto foi definido em reuni\u00e3o entre o secret\u00e1rio do Ambiente, Bernardo Rossi, representantes da prefeitura, legislativo, e concession\u00e1rias de servi\u00e7os<\/p>\n\n\n\n<p>O Instituto Estadual do Ambiente \u2013 Inea far\u00e1 a capacita\u00e7\u00e3o de equipes que ir\u00e3o atuar na remo\u00e7\u00e3o de ervas de passarinho, que prejudicam \u00e1rvores no Centro Hist\u00f3rico de Petr\u00f3polis \u2013 cidade que ser\u00e1 piloto nesta iniciativa. O apoio \u00e0s a\u00e7\u00f5es de preserva\u00e7\u00e3o ambiental nos munic\u00edpios \u00e9 uma determina\u00e7\u00e3o do governador Cl\u00e1udio Castro. O suporte t\u00e9cnico ao munic\u00edpio foi anunciado pelo secret\u00e1rio do Ambiente e Sustentabilidade, Bernardo Rossi em reuni\u00e3o nesta quinta-feira (20) entre representantes da prefeitura, do Legislativo e de concession\u00e1rias de servi\u00e7o. A cria\u00e7\u00e3o da for\u00e7a tarefa entre estado e prefeitura para limpeza e cuidado das \u00e1rvores na cidade, foi anunciada por Bernardo no in\u00edcio deste m\u00eas ap\u00f3s reuni\u00e3o com o vereador de Petr\u00f3polis Alo\u00edsio Barbosa Filho &#8211; autor da proposta &#8211; e conversa com o prefeito Hingo Hammes.<\/p>\n\n\n\n<ul class=\"wp-block-list\">\n<li>Hoje sabemos que a arboriza\u00e7\u00e3o \u00e9 muito mais que uma quest\u00e3o paisag\u00edstica nas \u00e1reas urbana; as \u00e1rvores t\u00eam papel fundamental dentro das pol\u00edticas de enfrentamento \u00e0s mudan\u00e7as clim\u00e1ticas, o que \u00e9 prioridade para o governador Cl\u00e1udio Castro. Teremos duas patrulhas para este servi\u00e7o com equipes que ser\u00e3o capacitadas pelos nossos t\u00e9cnicos. Em Petr\u00f3polis este trabalho \u00e9 fundamental. Temos \u00e1rvores centen\u00e1rias de grande porte, que precisam destes cuidados. \u2013 explica o secret\u00e1rio Bernardo Rossi.<\/li>\n<\/ul>\n\n\n\n<p>A presidente da Companhia de Desenvolvimento de Petr\u00f3polis &#8211; Comdep, Fernanda Ferreira, destaca a import\u00e2ncia da capacita\u00e7\u00e3o t\u00e9cnica para as equipes da Companhia que atuam neste servi\u00e7o de cuidado com as \u00e1rvores. \u2013 \u00c9 um apoio do Inea que termos pela primeira vez junto ao munic\u00edpio e que far\u00e1 toda a diferen\u00e7a para que nossos funcion\u00e1rios possam entender perfeitamente os laudos, por exemplo, e o servi\u00e7o seja feito de forma correta e orientada \u2013 considera Fernanda Ferreira.<\/p>\n\n\n\n<p>A ideia \u00e9 que as patrulhas iniciem a limpeza de \u00e1rvores em \u00e1reas estrat\u00e9gicas como a Pra\u00e7a da Liberdade e Pra\u00e7a D. Pedro \u2013 cora\u00e7\u00e3o do Centro Hist\u00f3rico.<\/p>\n\n\n\n<ul class=\"wp-block-list\">\n<li>Agrade\u00e7o ao secret\u00e1rio Bernardo Rossi pela aten\u00e7\u00e3o que est\u00e1 dando a esta demanda e por esta mobiliza\u00e7\u00e3o que est\u00e1 sendo feita para avan\u00e7armos com este trabalho. Os petropolitanos, que enfrentam transtornos com incidentes provocados por queda de \u00e1rvores, sabem a import\u00e2ncia deste trabalho que ser\u00e1 feito \u2013 destaca o vereador autor da proposta, Alo\u00edsio Barbosa.<\/li>\n<\/ul>\n\n\n\n<p>A equipe t\u00e9cnica do Inea tamb\u00e9m far\u00e1 um plano de conscientiza\u00e7\u00e3o para sensibiliza\u00e7\u00e3o da popula\u00e7\u00e3o sobre a import\u00e2ncia do cuidado com as \u00e1rvores.<\/p>\n\n\n\n<ul class=\"wp-block-list\">\n<li>\u00c9 mais um apoio fundamental que estamos recebendo do Estado.Termos este suporte t\u00e9cnico da Secretaria de Estado do Ambiente e Sustentabilidade auxiliando as nossa equipes do munic\u00edpio far\u00e1 toda a diferen\u00e7a para os resultados deste trabalho \u2013 assinala o secret\u00e1rio municipal de Meio Ambiente e vice prefeito, Albano Filho, Baninho.<\/li>\n<\/ul>\n\n\n\n<p>A reuni\u00e3o teve a presen\u00e7a do diretor de Biodiversidade, \u00c1reas Protegidas<br>e Ecossistemas do INEA, Cleber Ferreira; do presdente da Comiss\u00e3o de Meio Ambiente da OAB \u2013 Petr\u00f3polis, Rog\u00e9rio Guimar\u00e3es, e de representantes das concession\u00e1rias Enel e \u00c1guas do Brasil, que ir\u00e3o somar \u00e0 iniciativa.<br>Antes do in\u00edcio das interven\u00e7\u00f5es, o planejamento e cronograma de servi\u00e7os ser\u00e3o apresentados ao Instituto do Patrim\u00f4nio Hist\u00f3rico e Art\u00edstico Nacional \u2013 IPHAN para an\u00e1lise.<\/p>\n","protected":false},"excerpt":{"rendered":"<p>Assunto foi definido em reuni\u00e3o entre o secret\u00e1rio do Ambiente, Bernardo Rossi, representantes da prefeitura,<\/p>\n","protected":false},"author":2,"featured_media":99591,"comment_status":"open","ping_status":"open","sticky":false,"template":"","format":"standard","meta":{"footnotes":""},"categories":[12],"tags":[],"class_list":["post-99590","post","type-post","status-publish","format-standard","has-post-thumbnail","hentry","category-cidade"],"_links":{"self":[{"href":"https:\/\/tvc16.com\/portal\/wp-json\/wp\/v2\/posts\/99590","targetHints":{"allow":["GET"]}}],"collection":[{"href":"https:\/\/tvc16.com\/portal\/wp-json\/wp\/v2\/posts"}],"about":[{"href":"https:\/\/tvc16.com\/portal\/wp-json\/wp\/v2\/types\/post"}],"author":[{"embeddable":true,"href":"https:\/\/tvc16.com\/portal\/wp-json\/wp\/v2\/users\/2"}],"replies":[{"embeddable":true,"href":"https:\/\/tvc16.com\/portal\/wp-json\/wp\/v2\/comments?post=99590"}],"version-history":[{"count":1,"href":"https:\/\/tvc16.com\/portal\/wp-json\/wp\/v2\/posts\/99590\/revisions"}],"predecessor-version":[{"id":99592,"href":"https:\/\/tvc16.com\/portal\/wp-json\/wp\/v2\/posts\/99590\/revisions\/99592"}],"wp:featuredmedia":[{"embeddable":true,"href":"https:\/\/tvc16.com\/portal\/wp-json\/wp\/v2\/media\/99591"}],"wp:attachment":[{"href":"https:\/\/tvc16.com\/portal\/wp-json\/wp\/v2\/media?parent=99590"}],"wp:term":[{"taxonomy":"category","embeddable":true,"href":"https:\/\/tvc16.com\/portal\/wp-json\/wp\/v2\/categories?post=99590"},{"taxonomy":"post_tag","embeddable":true,"href":"https:\/\/tvc16.com\/portal\/wp-json\/wp\/v2\/tags?post=99590"}],"curies":[{"name":"wp","href":"https:\/\/api.w.org\/{rel}","templated":true}]}}