{"id":9960,"date":"2021-01-28T23:44:56","date_gmt":"2021-01-29T02:44:56","guid":{"rendered":"https:\/\/tvc16.com\/portal\/?p=9960"},"modified":"2021-01-28T23:44:58","modified_gmt":"2021-01-29T02:44:58","slug":"camara-dos-deputados-analisa-o-projeto-de-lei-que-prorroga-auxilio-emergencial-ate-junho-de-2021","status":"publish","type":"post","link":"https:\/\/tvc16.com\/portal\/2021\/01\/28\/camara-dos-deputados-analisa-o-projeto-de-lei-que-prorroga-auxilio-emergencial-ate-junho-de-2021\/","title":{"rendered":"C\u00e2mara dos Deputados, analisa o projeto de lei que: prorroga aux\u00edlio emergencial at\u00e9 junho de 2021"},"content":{"rendered":"\n<p><\/p>\n\n\n\n<p>Sem formas de obter recursos, as fam\u00edlias ent\u00e3o beneficiadas necessitam que o aux\u00edlio seja prorrogado<\/p>\n\n\n\n<p>O Projeto de Lei 5514\/20 institui, at\u00e9 30 de junho de 2021, o chamado \u201caux\u00edlio emergencial consecutivo\u201d, a ser pago em at\u00e9 seis parcelas mensais de R$ 600 ao trabalhador informal em virtude da pandemia de Covid-19.<\/p>\n\n\n\n<p>O texto tramita na C\u00e2mara dos Deputados.<\/p>\n\n\n\n<p>Autor da proposta, o deputado F\u00e1bio Henrique (PDT-SE) afirma que o intuito \u00e9 impedir que milh\u00f5es de brasileiros atendidos pelo aux\u00edlio emergencial da Lei 13.982\/20 e o aux\u00edlio residual (de R$ 300) venham a ficar totalmente desassistidos.<\/p>\n\n\n\n<p>Com exce\u00e7\u00e3o dos lotes residuais, o aux\u00edlio emergencial foi extinto oficialmente em janeiro de 2021.<\/p>\n\n\n\n<p>\u201cSem formas de obter recursos, as fam\u00edlias ent\u00e3o beneficiadas necessitam que o aux\u00edlio seja prorrogado, pois a pandemia persiste\u201d, diz o parlamentar.<\/p>\n\n\n\n<p>Regras<\/p>\n\n\n\n<p>Pelo projeto, os benefici\u00e1rios dever\u00e3o atender aos requisitos da legisla\u00e7\u00e3o que criou o aux\u00edlio original.<\/p>\n\n\n\n<p>N\u00e3o ter\u00e3o direito ao aux\u00edlio consecutivo: quem tiver conseguido emprego formal ap\u00f3s recebimento de parcelas anteriores; os trabalhadores que tenham obtido benef\u00edcio previdenci\u00e1rio ou assistencial, seguro-desemprego ou de programa de transfer\u00eancia de renda federal (exceto Bolsa Fam\u00edlia) nesse per\u00edodo; e os que passaram a possuir renda familiar mensal per capita acima de meio sal\u00e1rio m\u00ednimo e renda familiar mensal total superior a tr\u00eas sal\u00e1rios m\u00ednimos; entre outras hip\u00f3teses.<\/p>\n\n\n\n<p>O recebimento do aux\u00edlio emergencial consecutivo ser\u00e1 limitado a duas cotas por fam\u00edlia. A mulher chefe de fam\u00edlia ter\u00e1 direito a receber parcelas mensais de R$ 1,2 mil.<\/p>\n\n\n\n<p>Bolsa Fam\u00edlia<\/p>\n\n\n\n<p>O valor do aux\u00edlio devido \u00e0 fam\u00edlia benefici\u00e1ria do Bolsa Fam\u00edlia ser\u00e1 calculado pela diferen\u00e7a entre o valor total previsto a t\u00edtulo do aux\u00edlio emergencial consecutivo e o valor previsto na soma dos benef\u00edcios financeiros estabelecidos pela Lei do Bolsa Fam\u00edlia.<\/p>\n\n\n\n<p>Caso o montante direcionado \u00e0 fam\u00edlia pelo programa assistencial seja maior ou igual ao valor do aux\u00edlio consecutivo, ser\u00e3o pagos apenas os benef\u00edcios do Bolsa Fam\u00edlia.<\/p>\n\n\n\n<p>Fonte: Ag\u00eancia C\u00e2mara<\/p>\n","protected":false},"excerpt":{"rendered":"<p>Sem formas de obter recursos, as fam\u00edlias ent\u00e3o beneficiadas necessitam que o aux\u00edlio seja prorrogado<\/p>\n","protected":false},"author":2,"featured_media":0,"comment_status":"open","ping_status":"open","sticky":false,"template":"","format":"standard","meta":{"footnotes":""},"categories":[17],"tags":[],"class_list":["post-9960","post","type-post","status-publish","format-standard","hentry","category-outras-noticias"],"_links":{"self":[{"href":"https:\/\/tvc16.com\/portal\/wp-json\/wp\/v2\/posts\/9960","targetHints":{"allow":["GET"]}}],"collection":[{"href":"https:\/\/tvc16.com\/portal\/wp-json\/wp\/v2\/posts"}],"about":[{"href":"https:\/\/tvc16.com\/portal\/wp-json\/wp\/v2\/types\/post"}],"author":[{"embeddable":true,"href":"https:\/\/tvc16.com\/portal\/wp-json\/wp\/v2\/users\/2"}],"replies":[{"embeddable":true,"href":"https:\/\/tvc16.com\/portal\/wp-json\/wp\/v2\/comments?post=9960"}],"version-history":[{"count":1,"href":"https:\/\/tvc16.com\/portal\/wp-json\/wp\/v2\/posts\/9960\/revisions"}],"predecessor-version":[{"id":9962,"href":"https:\/\/tvc16.com\/portal\/wp-json\/wp\/v2\/posts\/9960\/revisions\/9962"}],"wp:attachment":[{"href":"https:\/\/tvc16.com\/portal\/wp-json\/wp\/v2\/media?parent=9960"}],"wp:term":[{"taxonomy":"category","embeddable":true,"href":"https:\/\/tvc16.com\/portal\/wp-json\/wp\/v2\/categories?post=9960"},{"taxonomy":"post_tag","embeddable":true,"href":"https:\/\/tvc16.com\/portal\/wp-json\/wp\/v2\/tags?post=9960"}],"curies":[{"name":"wp","href":"https:\/\/api.w.org\/{rel}","templated":true}]}}