{"id":99603,"date":"2025-02-21T18:20:01","date_gmt":"2025-02-21T21:20:01","guid":{"rendered":"https:\/\/tvc16.com\/portal\/?p=99603"},"modified":"2025-02-21T18:20:04","modified_gmt":"2025-02-21T21:20:04","slug":"mprj-cobra-esclarecimentos-sobre-incendio-no-hospital-santa-teresa-em-petropolis","status":"publish","type":"post","link":"https:\/\/tvc16.com\/portal\/2025\/02\/21\/mprj-cobra-esclarecimentos-sobre-incendio-no-hospital-santa-teresa-em-petropolis\/","title":{"rendered":"MPRJ cobra esclarecimentos sobre inc\u00eandio no Hospital Santa Teresa, em Petr\u00f3polis"},"content":{"rendered":"\n<p>O Minist\u00e9rio P\u00fablico do Estado do Rio de Janeiro (MPRJ), por meio da 2\u00aa Promotoria de Justi\u00e7a de Tutela Coletiva do N\u00facleo Petr\u00f3polis, requereu ao Hospital Santa Teresa, em Petr\u00f3polis, esclarecimentos sobre o inc\u00eandio ocorrido na madrugada desta sexta-feira (21\/02) na unidade. O fogo teria come\u00e7ado na enfermaria do terceiro andar do hospital, e os pacientes foram transferidos para leitos em outro andar.<\/p>\n\n\n\n<p>Em outubro do ano passado, a Promotoria ajuizou uma a\u00e7\u00e3o civil p\u00fablica com pedido de tutela de urg\u00eancia para que o Hospital Santa Teresa implementasse todas as medidas de seguran\u00e7a contra inc\u00eandio exigidas pelo Corpo de Bombeiros e obtivesse a emiss\u00e3o do certificado de aprova\u00e7\u00e3o junto \u00e0 corpora\u00e7\u00e3o. &#8220;Estamos reiterando o pedido de liminar nesta a\u00e7\u00e3o, j\u00e1 que \u00e9 mais do que evidente o risco decorrente da aus\u00eancia de certifica\u00e7\u00e3o do Corpo de Bombeiros&#8221;, pontuou a promotora de Justi\u00e7a, Vanessa Katz.<\/p>\n\n\n\n<p>O MPRJ acompanha ainda, por meio de um procedimento administrativo, a estrutura\u00e7\u00e3o da rede hospitalar do munic\u00edpio de Petr\u00f3polis, verificando as condi\u00e7\u00f5es de funcionamento dos hospitais da cidade, inclusive no que se refere \u00e0 regulariza\u00e7\u00e3o junto ao Corpo de Bombeiros. O Hospital Santa Teresa conta com mais de 100 leitos hospitalares em diversas \u00e1reas, entre elas UTI adulto, UTI neonatal, cardiologia, cirurgia geral, oncologia e obstetr\u00edcia.<\/p>\n","protected":false},"excerpt":{"rendered":"<p>O Minist\u00e9rio P\u00fablico do Estado do Rio de Janeiro (MPRJ), por meio da 2\u00aa Promotoria<\/p>\n","protected":false},"author":2,"featured_media":99018,"comment_status":"open","ping_status":"open","sticky":false,"template":"","format":"standard","meta":{"footnotes":""},"categories":[12],"tags":[],"class_list":["post-99603","post","type-post","status-publish","format-standard","has-post-thumbnail","hentry","category-cidade"],"_links":{"self":[{"href":"https:\/\/tvc16.com\/portal\/wp-json\/wp\/v2\/posts\/99603","targetHints":{"allow":["GET"]}}],"collection":[{"href":"https:\/\/tvc16.com\/portal\/wp-json\/wp\/v2\/posts"}],"about":[{"href":"https:\/\/tvc16.com\/portal\/wp-json\/wp\/v2\/types\/post"}],"author":[{"embeddable":true,"href":"https:\/\/tvc16.com\/portal\/wp-json\/wp\/v2\/users\/2"}],"replies":[{"embeddable":true,"href":"https:\/\/tvc16.com\/portal\/wp-json\/wp\/v2\/comments?post=99603"}],"version-history":[{"count":1,"href":"https:\/\/tvc16.com\/portal\/wp-json\/wp\/v2\/posts\/99603\/revisions"}],"predecessor-version":[{"id":99604,"href":"https:\/\/tvc16.com\/portal\/wp-json\/wp\/v2\/posts\/99603\/revisions\/99604"}],"wp:featuredmedia":[{"embeddable":true,"href":"https:\/\/tvc16.com\/portal\/wp-json\/wp\/v2\/media\/99018"}],"wp:attachment":[{"href":"https:\/\/tvc16.com\/portal\/wp-json\/wp\/v2\/media?parent=99603"}],"wp:term":[{"taxonomy":"category","embeddable":true,"href":"https:\/\/tvc16.com\/portal\/wp-json\/wp\/v2\/categories?post=99603"},{"taxonomy":"post_tag","embeddable":true,"href":"https:\/\/tvc16.com\/portal\/wp-json\/wp\/v2\/tags?post=99603"}],"curies":[{"name":"wp","href":"https:\/\/api.w.org\/{rel}","templated":true}]}}