{"id":99607,"date":"2025-02-23T15:00:00","date_gmt":"2025-02-23T18:00:00","guid":{"rendered":"https:\/\/tvc16.com\/portal\/?p=99607"},"modified":"2025-02-21T18:28:37","modified_gmt":"2025-02-21T21:28:37","slug":"cont-in-rio-2025-reune-mais-de-300-contadores-em-petropolis-e-fortalece-setor-contabil-com-apoio-do-poder-publico","status":"publish","type":"post","link":"https:\/\/tvc16.com\/portal\/2025\/02\/23\/cont-in-rio-2025-reune-mais-de-300-contadores-em-petropolis-e-fortalece-setor-contabil-com-apoio-do-poder-publico\/","title":{"rendered":"Cont in Rio 2025 re\u00fane mais de 300 contadores em Petr\u00f3polis e fortalece setor cont\u00e1bil com apoio do poder p\u00fablico"},"content":{"rendered":"\n<p>Evento promovido com o suporte da Prefeitura de Petr\u00f3polis discute inova\u00e7\u00e3o, incentivos fiscais e coopera\u00e7\u00e3o t\u00e9cnica, impulsionando o desenvolvimento econ\u00f4mico local<\/p>\n\n\n\n<p>O 1\u00ba Cont in Rio de 2025 teve in\u00edcio ontem no Villa Itaipava Resort &amp; Conventions, em Petr\u00f3polis, reunindo mais de 300 contadores do Rio de Janeiro e de outras regi\u00f5es do pa\u00eds. O evento, reconhecido por promover inova\u00e7\u00e3o e networking na \u00e1rea cont\u00e1bil, contou com uma programa\u00e7\u00e3o diversificada e presen\u00e7a de diversas autoridades.<\/p>\n\n\n\n<p>\u201cA realiza\u00e7\u00e3o do Cont in Rio em nossa cidade refor\u00e7a Petr\u00f3polis como polo de eventos de relev\u00e2ncia estadual e nacional, trazendo benef\u00edcios econ\u00f4micos e profissionais para nossa comunidade\u201d, afirmou o prefeito Hingo Hammes.<\/p>\n\n\n\n<p>O secret\u00e1rio de Governo, Fred Pr\u00f3copio refor\u00e7ou. \u201cA parceria com o CRC-RJ por meio do termo de coopera\u00e7\u00e3o t\u00e9cnica fortalece a rela\u00e7\u00e3o entre os profissionais da contabilidade e o poder p\u00fablico, garantindo mais transpar\u00eancia e efici\u00eancia na gest\u00e3o tribut\u00e1ria. Al\u00e9m disso, a possibilidade de destinar parte do Imposto de Renda aos Fundos dos Direitos da Crian\u00e7a e do Adolescente e aos Fundos dos Direitos da Pessoa Idosa \u00e9 uma iniciativa fundamental para ampliar os investimentos em pol\u00edticas sociais essenciais\u201d.<\/p>\n\n\n\n<p>Durante a programa\u00e7\u00e3o, foi realizado um painel com o secret\u00e1rio de Esporte, Promo\u00e7\u00e3o da Sa\u00fade, Juventude, Idoso e Lazer, Leandro Kronemberger, que abordou a Lei 11.438\/06, conhecida como Lei de Incentivo ao Esporte. Sancionada em 29 de dezembro de 2006, essa legisla\u00e7\u00e3o permite que pessoas f\u00edsicas e jur\u00eddicas deduzam do Imposto de Renda valores investidos em projetos desportivos e paradesportivos, fomentando o desenvolvimento do esporte no pa\u00eds.<\/p>\n\n\n\n<p>Durante a cerim\u00f4nia, os servidores da prefeitura Juarez Borges e Delmir Cust\u00f3dio tamb\u00e9m foram homenageados pelo CRC-RJ em reconhecimento aos servi\u00e7os prestados ao setor cont\u00e1bil.<\/p>\n\n\n\n<p>Al\u00e9m dos pain\u00e9is, o evento contou com estandes de diversas empresas ligadas ao setor cont\u00e1bil, proporcionando oportunidades de neg\u00f3cios e networking para os participantes.<\/p>\n\n\n\n<p>Carolina Licht, representante do CRC-RJ em Petr\u00f3polis, ressaltou a relev\u00e2ncia de sediar a primeira edi\u00e7\u00e3o de 2025 na cidade: \u201c\u00c9 uma honra para Petr\u00f3polis receber o Cont in Rio, fortalecendo nossa posi\u00e7\u00e3o no cen\u00e1rio cont\u00e1bil e contribuindo para o desenvolvimento econ\u00f4mico local\u201d.<\/p>\n\n\n\n<p>O Cont in Rio j\u00e1 contou com a participa\u00e7\u00e3o de mais de 3.500 profissionais em edi\u00e7\u00f5es anteriores, contribuindo para o desenvolvimento da classe cont\u00e1bil e da economia local.<\/p>\n\n\n\n<p>Entre as autoridades presentes, estiveram a secret\u00e1ria chefe de Gabinete, Rosangela Stumpf; o procurador-geral, Fernando Fernandes de Assis e o secret\u00e1rio de Fazenda, Fabio Junior.<\/p>\n","protected":false},"excerpt":{"rendered":"<p>Evento promovido com o suporte da Prefeitura de Petr\u00f3polis discute inova\u00e7\u00e3o, incentivos fiscais e coopera\u00e7\u00e3o<\/p>\n","protected":false},"author":2,"featured_media":99608,"comment_status":"open","ping_status":"open","sticky":false,"template":"","format":"standard","meta":{"footnotes":""},"categories":[12],"tags":[],"class_list":["post-99607","post","type-post","status-publish","format-standard","has-post-thumbnail","hentry","category-cidade"],"_links":{"self":[{"href":"https:\/\/tvc16.com\/portal\/wp-json\/wp\/v2\/posts\/99607","targetHints":{"allow":["GET"]}}],"collection":[{"href":"https:\/\/tvc16.com\/portal\/wp-json\/wp\/v2\/posts"}],"about":[{"href":"https:\/\/tvc16.com\/portal\/wp-json\/wp\/v2\/types\/post"}],"author":[{"embeddable":true,"href":"https:\/\/tvc16.com\/portal\/wp-json\/wp\/v2\/users\/2"}],"replies":[{"embeddable":true,"href":"https:\/\/tvc16.com\/portal\/wp-json\/wp\/v2\/comments?post=99607"}],"version-history":[{"count":1,"href":"https:\/\/tvc16.com\/portal\/wp-json\/wp\/v2\/posts\/99607\/revisions"}],"predecessor-version":[{"id":99609,"href":"https:\/\/tvc16.com\/portal\/wp-json\/wp\/v2\/posts\/99607\/revisions\/99609"}],"wp:featuredmedia":[{"embeddable":true,"href":"https:\/\/tvc16.com\/portal\/wp-json\/wp\/v2\/media\/99608"}],"wp:attachment":[{"href":"https:\/\/tvc16.com\/portal\/wp-json\/wp\/v2\/media?parent=99607"}],"wp:term":[{"taxonomy":"category","embeddable":true,"href":"https:\/\/tvc16.com\/portal\/wp-json\/wp\/v2\/categories?post=99607"},{"taxonomy":"post_tag","embeddable":true,"href":"https:\/\/tvc16.com\/portal\/wp-json\/wp\/v2\/tags?post=99607"}],"curies":[{"name":"wp","href":"https:\/\/api.w.org\/{rel}","templated":true}]}}