{"id":99613,"date":"2025-02-23T17:00:00","date_gmt":"2025-02-23T20:00:00","guid":{"rendered":"https:\/\/tvc16.com\/portal\/?p=99613"},"modified":"2025-02-21T18:36:51","modified_gmt":"2025-02-21T21:36:51","slug":"do-chorinho-ao-rock-tudo-vira-marchinha-no-carnaval-do-taruira","status":"publish","type":"post","link":"https:\/\/tvc16.com\/portal\/2025\/02\/23\/do-chorinho-ao-rock-tudo-vira-marchinha-no-carnaval-do-taruira\/","title":{"rendered":"Do chorinho ao rock, tudo vira marchinha no Carnaval do Taru\u00edra"},"content":{"rendered":"\n<p>Quatro dias de folia no Shopping Vilarejo com a certeza de muita m\u00fasica e anima\u00e7\u00e3o em Itaipava<\/p>\n\n\n\n<p>Prepare a fantasia, aque\u00e7a a voz e venha com energia de sobra: a 13\u00aa edi\u00e7\u00e3o do&nbsp;<em>Carnaval do Taru\u00edra<\/em>&nbsp;est\u00e1 chegando para transformar Itaipava no palco da alegria. De domingo a ter\u00e7a-feira (2 a 4 de mar\u00e7o), sempre a partir das 17h, a Pra\u00e7a do Sol, no Shopping Vilarejo, ser\u00e1 tomada por foli\u00f5es de todas as idades para celebrar a mistura de ritmos que s\u00f3 o Taru\u00edra sabe fazer. Do chorinho ao rock, passando pelo samba, frevo e maracatu, tudo ganha o colorido das marchinhas para embalar a festa. E tem dica de fantasia: como o tema deste ano \u00e9 \u201cCarnaval no Vilarejo \u00e9 coisa de cinema\u201d, foli\u00f5es podem caprichar nas produ\u00e7\u00f5es inspiradas na s\u00e9tima arte.<\/p>\n\n\n\n<p>O grupo Taru\u00edra, com uma forma\u00e7\u00e3o especial para a ocasi\u00e3o, comanda a folia com Breno Morais (sax e flauta), Carlos Watkins (sax), Wesley Costalonga (trompete), Arthur Leite (trombone), Laio Simas (cavaquinho), Wiliam Belle (guitarra), Jo\u00e3o Victor (baixo), Yuri Garrido e Storni (bateria e percuss\u00e3o). Para deixar a festa ainda mais especial, as cantoras Maria Swenson, Melissa Maluly e N\u00edvea Seabra fazem participa\u00e7\u00f5es especiais.<\/p>\n\n\n\n<p>&#8220;Esse Carnaval \u00e9 uma verdadeira celebra\u00e7\u00e3o da m\u00fasica e da alegria. A cada ano, nos emocionamos ao ver a Pra\u00e7a do Sol lotada, cantando e dan\u00e7ando com a gente. Este ano n\u00e3o ser\u00e1 diferente: estamos preparando um show especial para garantir um Carnaval inesquec\u00edvel&#8221;, afirma Breno Morais, integrante do Taru\u00edra, um porta-voz da alegria que o grupo transmite por onde passa.<\/p>\n\n\n\n<p>Em 2024, ap\u00f3s um intervalo devido \u00e0 pandemia, o&nbsp;<em>Carnaval do Taru\u00edra<\/em>&nbsp;reuniu cerca de 15 mil pessoas e reafirmou a tradi\u00e7\u00e3o da festa, mostrando que a diversidade musical \u00e9 o grande cora\u00e7\u00e3o da folia petropolitana. Este ano, a expectativa \u00e9 de ainda mais anima\u00e7\u00e3o, com um repert\u00f3rio recheado de cl\u00e1ssicos e surpresas que prometem colocar todo mundo para cantar e dan\u00e7ar.<\/p>\n\n\n\n<p><strong>Um Carnaval para todos<\/strong><\/p>\n\n\n\n<p>O Carnaval do Shopping Vilarejo \u00e9 pensado para toda a fam\u00edlia: amigos, crian\u00e7as, idosos e at\u00e9 quem prefere um ambiente mais tranquilo, longe da folia dos grandes centros. Com programa\u00e7\u00e3o gratuita e aberta ao p\u00fablico, o evento garante um espa\u00e7o seguro e descontra\u00eddo para celebrar a maior festa popular do Brasil.<\/p>\n\n\n\n<p><em>&#8220;<\/em>O Carnaval do Vilarejo j\u00e1 se tornou um dos eventos mais esperados do ano. Nossa proposta \u00e9 oferecer uma experi\u00eancia musical rica e um espa\u00e7o onde todos possam se divertir com conforto e seguran\u00e7a. Estamos prontos para mais uma edi\u00e7\u00e3o cheia de m\u00fasica e alegria<em>&#8220;<\/em>, destaca Tiago Corr\u00eaa, administrador do Shopping Vilarejo.<\/p>\n\n\n\n<p>Enquanto os grandes centros vivem a agita\u00e7\u00e3o intensa do Carnaval, Petr\u00f3polis se consolida como um destino vers\u00e1til, que equilibra tranquilidade e programa\u00e7\u00e3o animada. Segundo o&nbsp;<em>Petr\u00f3polis Convention &amp; Visitors Bureau (PC&amp;VB)<\/em>, a ocupa\u00e7\u00e3o hoteleira na cidade j\u00e1 atinge 71,6%, com expectativa de crescimento at\u00e9 o feriado. E Itaipava, um dos destinos mais procurados da Serra, se prepara para receber foli\u00f5es com atra\u00e7\u00f5es para todos os gostos e idades.<\/p>\n\n\n\n<p><strong>Carnavau Au Au: folia tamb\u00e9m para os pets&nbsp;<\/strong><strong><\/strong><\/p>\n\n\n\n<p>E os bichinhos tamb\u00e9m entram na brincadeira! No s\u00e1bado (1\u00ba), \u00e0s 15h, os pets abrem a programa\u00e7\u00e3o da folia com o&nbsp;<em>Carnaval Au Au<\/em>, um animado desfile de fantasias que promete encantar o p\u00fablico. Em sua segunda edi\u00e7\u00e3o, ap\u00f3s o grande sucesso do ano passado, o evento d\u00e1 in\u00edcio ao&nbsp;<em>Carnaval do Vilarejo<\/em>&nbsp;com uma disputa divertida: a dupla mais criativa entre crian\u00e7a e pet fantasiados levar\u00e1 um pr\u00eamio especial \u2013 um overboard (patinete el\u00e9trico) completo para garantir a divers\u00e3o.<\/p>\n\n\n\n<p>E para embalar o encontro? DJ e muita anima\u00e7\u00e3o, porque Carnaval bom \u00e9 aquele que re\u00fane toda a fam\u00edlia \u2013 incluindo os amigos de quatro patas!<\/p>\n","protected":false},"excerpt":{"rendered":"<p>Quatro dias de folia no Shopping Vilarejo com a certeza de muita m\u00fasica e anima\u00e7\u00e3o<\/p>\n","protected":false},"author":2,"featured_media":99614,"comment_status":"open","ping_status":"open","sticky":false,"template":"","format":"standard","meta":{"footnotes":""},"categories":[12],"tags":[],"class_list":["post-99613","post","type-post","status-publish","format-standard","has-post-thumbnail","hentry","category-cidade"],"_links":{"self":[{"href":"https:\/\/tvc16.com\/portal\/wp-json\/wp\/v2\/posts\/99613","targetHints":{"allow":["GET"]}}],"collection":[{"href":"https:\/\/tvc16.com\/portal\/wp-json\/wp\/v2\/posts"}],"about":[{"href":"https:\/\/tvc16.com\/portal\/wp-json\/wp\/v2\/types\/post"}],"author":[{"embeddable":true,"href":"https:\/\/tvc16.com\/portal\/wp-json\/wp\/v2\/users\/2"}],"replies":[{"embeddable":true,"href":"https:\/\/tvc16.com\/portal\/wp-json\/wp\/v2\/comments?post=99613"}],"version-history":[{"count":1,"href":"https:\/\/tvc16.com\/portal\/wp-json\/wp\/v2\/posts\/99613\/revisions"}],"predecessor-version":[{"id":99615,"href":"https:\/\/tvc16.com\/portal\/wp-json\/wp\/v2\/posts\/99613\/revisions\/99615"}],"wp:featuredmedia":[{"embeddable":true,"href":"https:\/\/tvc16.com\/portal\/wp-json\/wp\/v2\/media\/99614"}],"wp:attachment":[{"href":"https:\/\/tvc16.com\/portal\/wp-json\/wp\/v2\/media?parent=99613"}],"wp:term":[{"taxonomy":"category","embeddable":true,"href":"https:\/\/tvc16.com\/portal\/wp-json\/wp\/v2\/categories?post=99613"},{"taxonomy":"post_tag","embeddable":true,"href":"https:\/\/tvc16.com\/portal\/wp-json\/wp\/v2\/tags?post=99613"}],"curies":[{"name":"wp","href":"https:\/\/api.w.org\/{rel}","templated":true}]}}