{"id":99622,"date":"2025-02-23T07:00:00","date_gmt":"2025-02-23T10:00:00","guid":{"rendered":"https:\/\/tvc16.com\/portal\/?p=99622"},"modified":"2025-02-22T21:15:50","modified_gmt":"2025-02-23T00:15:50","slug":"construmil-apresenta-planejamento-anual-de-comunicacao-e-vendas-para-2025","status":"publish","type":"post","link":"https:\/\/tvc16.com\/portal\/2025\/02\/23\/construmil-apresenta-planejamento-anual-de-comunicacao-e-vendas-para-2025\/","title":{"rendered":"ConstruMil apresenta planejamento anual de comunica\u00e7\u00e3o e vendas para 2025"},"content":{"rendered":"\n<p>Na \u00faltima semana a ConstruMil realizou um grande evento, na cidade de Tr\u00eas Rios, para apresentar o que planeja colocar em pr\u00e1tica ainda este ano. Os fornecedores presentes puderam acompanhar estrat\u00e9gias de comunica\u00e7\u00e3o e de vendas que ser\u00e3o adotadas nas principais campanhas da empresa, como o anivers\u00e1rio da ConstruMil, Black Friday e Mostra de Ambientes Assinados.<\/p>\n\n\n\n<p>Al\u00e9m disso, tamb\u00e9m foi apresentado o novo layout da loja Casa e Decora\u00e7\u00e3o do Tri\u00e2ngulo, que j\u00e1 passou por uma reestrutura\u00e7\u00e3o, com a nova Mostra e o Espa\u00e7o Ateli\u00ea, e que ter\u00e1 ainda mais reformas. Assim como as principais possibilidades de visibilidade dentro das lojas.<\/p>\n\n\n\n<p>\u201cO encontro foi muito enriquecedor! Nossa trajet\u00f3ria nos coloca hoje como refer\u00eancia para arquitetos, construtores e profissionais da constru\u00e7\u00e3o civil. N\u00e3o paramos de crescer! Temos uma Mostra de Ambientes que j\u00e1 est\u00e1 em sua 8\u00aa edi\u00e7\u00e3o, e que foi criada justamente como uma forma de valorizar os clientes e profissionais que fazem parte disso\u201d, disse a gerente de marketing do Bramil, Monaliza Belozi.<\/p>\n\n\n\n<p>A ConstruMil \u00e9 a maior rede de materiais de constru\u00e7\u00e3o do Sul Fluminense, e possui um mix de produtos com mais de 17 mil itens, ocupando a 9\u00aa posi\u00e7\u00e3o do Ranking Nacional do setor de material de constru\u00e7\u00e3o. S\u00e3o 47 anos de muita hist\u00f3ria e qualidade desde o alicerce ao acabamento. S\u00e3o quatro lojas distribu\u00eddas nas cidades de Tr\u00eas Rios, Petr\u00f3polis e Para\u00edba do Sul, com mais de 150 funcion\u00e1rios.<\/p>\n","protected":false},"excerpt":{"rendered":"<p>Na \u00faltima semana a ConstruMil realizou um grande evento, na cidade de Tr\u00eas Rios, para<\/p>\n","protected":false},"author":2,"featured_media":99623,"comment_status":"open","ping_status":"open","sticky":false,"template":"","format":"standard","meta":{"footnotes":""},"categories":[12],"tags":[],"class_list":["post-99622","post","type-post","status-publish","format-standard","has-post-thumbnail","hentry","category-cidade"],"_links":{"self":[{"href":"https:\/\/tvc16.com\/portal\/wp-json\/wp\/v2\/posts\/99622","targetHints":{"allow":["GET"]}}],"collection":[{"href":"https:\/\/tvc16.com\/portal\/wp-json\/wp\/v2\/posts"}],"about":[{"href":"https:\/\/tvc16.com\/portal\/wp-json\/wp\/v2\/types\/post"}],"author":[{"embeddable":true,"href":"https:\/\/tvc16.com\/portal\/wp-json\/wp\/v2\/users\/2"}],"replies":[{"embeddable":true,"href":"https:\/\/tvc16.com\/portal\/wp-json\/wp\/v2\/comments?post=99622"}],"version-history":[{"count":1,"href":"https:\/\/tvc16.com\/portal\/wp-json\/wp\/v2\/posts\/99622\/revisions"}],"predecessor-version":[{"id":99624,"href":"https:\/\/tvc16.com\/portal\/wp-json\/wp\/v2\/posts\/99622\/revisions\/99624"}],"wp:featuredmedia":[{"embeddable":true,"href":"https:\/\/tvc16.com\/portal\/wp-json\/wp\/v2\/media\/99623"}],"wp:attachment":[{"href":"https:\/\/tvc16.com\/portal\/wp-json\/wp\/v2\/media?parent=99622"}],"wp:term":[{"taxonomy":"category","embeddable":true,"href":"https:\/\/tvc16.com\/portal\/wp-json\/wp\/v2\/categories?post=99622"},{"taxonomy":"post_tag","embeddable":true,"href":"https:\/\/tvc16.com\/portal\/wp-json\/wp\/v2\/tags?post=99622"}],"curies":[{"name":"wp","href":"https:\/\/api.w.org\/{rel}","templated":true}]}}