{"id":99631,"date":"2025-02-24T07:49:37","date_gmt":"2025-02-24T10:49:37","guid":{"rendered":"https:\/\/tvc16.com\/portal\/?p=99631"},"modified":"2025-02-24T07:49:54","modified_gmt":"2025-02-24T10:49:54","slug":"em-menos-de-um-mes-10-toneladas-de-vidro-sao-coletadas-pelo-projeto-conexao-verde","status":"publish","type":"post","link":"https:\/\/tvc16.com\/portal\/2025\/02\/24\/em-menos-de-um-mes-10-toneladas-de-vidro-sao-coletadas-pelo-projeto-conexao-verde\/","title":{"rendered":"Em menos de um m\u00eas, 10 toneladas de vidro s\u00e3o coletadas pelo projeto Conex\u00e3o Verde"},"content":{"rendered":"\n<p><em>Ca\u00e7amba de descarte volunt\u00e1rio de vidro est\u00e1 instalada no Hortomercado de Itaipava<\/em><\/p>\n\n\n\n<p>O projeto Conex\u00e3o Verde j\u00e1 apresenta resultados expressivos em Petr\u00f3polis. Em apenas 22 dias, j\u00e1 foram recolhidas 10 toneladas de vidro, fruto do descarte volunt\u00e1rio realizado pela popula\u00e7\u00e3o. Uma ca\u00e7amba espec\u00edfica para o descarte do material, instalada no in\u00edcio do m\u00eas de fevereiro, no Hortomercado Municipal, em Itaipava, como parte da iniciativa desenvolvida pela Opensat Solu\u00e7\u00f5es, com&nbsp; apoio de empresas da iniciativa privada, e tamb\u00e9m do poder p\u00fablico.<\/p>\n\n\n\n<p>A instala\u00e7\u00e3o da ca\u00e7amba foi realizada pela Ambipar Environment, respons\u00e1vel pelo descarte correto do material. O vidro, que pode levar at\u00e9 um milh\u00e3o de anos para se decompor, normalmente seria destinado a aterros sanit\u00e1rios ou lix\u00f5es. Com esse novo ponto de coleta, \u00e9 poss\u00edvel reaproveit\u00e1-lo, reintegrando-o \u00e0 cadeia produtiva.<\/p>\n\n\n\n<p>\u201cTemos a honra e a satisfa\u00e7\u00e3o de retirar do meio ambiente 10 toneladas de vidro que ser\u00e3o reaproveitadas. Esse projeto s\u00f3 est\u00e1 dando certo porque a popula\u00e7\u00e3o est\u00e1 ajudando e fazendo o descarte de forma correta, utilizando nossos Pontos de Entrega Volunt\u00e1ria de Coleta Seletiva (PEV) e as ca\u00e7ambas de vidro\u201d, afirma C\u00e9sar Magno, gestor da Opensat e embaixador do projeto Lixo Zero em Petr\u00f3polis.<\/p>\n\n\n\n<p>A iniciativa de coleta seletiva est\u00e1 se expandindo rapidamente na cidade e, nos \u00faltimos dias, uma nova ca\u00e7amba para vidro foi instalada na regi\u00e3o de Araras, em parceria com a Associa\u00e7\u00e3o de Moradores do Malta, ampliando ainda mais o alcance do projeto. O projeto Conex\u00e3o Verde tem sido fundamental para a estrutura\u00e7\u00e3o e efic\u00e1cia da coleta seletiva em Petr\u00f3polis.<\/p>\n\n\n\n<p>A iniciativa tem como objetivo ampliar as possibilidades de destina\u00e7\u00e3o correta dos materiais recicl\u00e1veis, reduzindo o impacto ambiental do descarte inadequado. No total, j\u00e1 foram instalados 4 Ponto de Entrega Volunt\u00e1ria de Coleta Seletiva (PEV) em parceria com a CRAS Madeira \u2013 no Catobira e no Hortomercado, em Itaipava, na cachoeira da Rocinha, em Secret\u00e1rio e outro em Pedro do Rio \u2013 al\u00e9m de duas ca\u00e7ambas espec\u00edficas para o descarte de vidro em parceria com a Ambipar Environment, no Hortomercado e em Araras.<\/p>\n\n\n\n<p>O sucesso da a\u00e7\u00e3o tamb\u00e9m se deve \u00e0 ades\u00e3o dos moradores, que compreenderam a import\u00e2ncia da reciclagem e passaram a utilizar os pontos de coleta de forma consciente. \u201cQuando um cliente contrata o servi\u00e7o de internet da Opensat, est\u00e1 ajudando diretamente o meio ambiente atrav\u00e9s dos nossos projetos de sustentabilidade\u201d, acrescenta C\u00e9sar Magno.<\/p>\n\n\n\n<p>A Opensat segue trabalhando para expandir a coleta seletiva em Petr\u00f3polis, com planos de aumentar o n\u00famero de pontos de coleta e integrar tecnologia \u00e0 iniciativa. Al\u00e9m disso, a empresa promove a revitaliza\u00e7\u00e3o de \u00e1reas urbanas e planeja ampliar sua atua\u00e7\u00e3o em 2025, consolidando o projeto Conex\u00e3o Verde como refer\u00eancia em sustentabilidade na cidade.<\/p>\n","protected":false},"excerpt":{"rendered":"<p>Ca\u00e7amba de descarte volunt\u00e1rio de vidro est\u00e1 instalada no Hortomercado de Itaipava O projeto Conex\u00e3o<\/p>\n","protected":false},"author":2,"featured_media":99632,"comment_status":"open","ping_status":"open","sticky":false,"template":"","format":"standard","meta":{"footnotes":""},"categories":[12],"tags":[],"class_list":["post-99631","post","type-post","status-publish","format-standard","has-post-thumbnail","hentry","category-cidade"],"_links":{"self":[{"href":"https:\/\/tvc16.com\/portal\/wp-json\/wp\/v2\/posts\/99631","targetHints":{"allow":["GET"]}}],"collection":[{"href":"https:\/\/tvc16.com\/portal\/wp-json\/wp\/v2\/posts"}],"about":[{"href":"https:\/\/tvc16.com\/portal\/wp-json\/wp\/v2\/types\/post"}],"author":[{"embeddable":true,"href":"https:\/\/tvc16.com\/portal\/wp-json\/wp\/v2\/users\/2"}],"replies":[{"embeddable":true,"href":"https:\/\/tvc16.com\/portal\/wp-json\/wp\/v2\/comments?post=99631"}],"version-history":[{"count":1,"href":"https:\/\/tvc16.com\/portal\/wp-json\/wp\/v2\/posts\/99631\/revisions"}],"predecessor-version":[{"id":99633,"href":"https:\/\/tvc16.com\/portal\/wp-json\/wp\/v2\/posts\/99631\/revisions\/99633"}],"wp:featuredmedia":[{"embeddable":true,"href":"https:\/\/tvc16.com\/portal\/wp-json\/wp\/v2\/media\/99632"}],"wp:attachment":[{"href":"https:\/\/tvc16.com\/portal\/wp-json\/wp\/v2\/media?parent=99631"}],"wp:term":[{"taxonomy":"category","embeddable":true,"href":"https:\/\/tvc16.com\/portal\/wp-json\/wp\/v2\/categories?post=99631"},{"taxonomy":"post_tag","embeddable":true,"href":"https:\/\/tvc16.com\/portal\/wp-json\/wp\/v2\/tags?post=99631"}],"curies":[{"name":"wp","href":"https:\/\/api.w.org\/{rel}","templated":true}]}}