{"id":99635,"date":"2025-02-24T08:14:51","date_gmt":"2025-02-24T11:14:51","guid":{"rendered":"https:\/\/tvc16.com\/portal\/?p=99635"},"modified":"2025-02-24T08:14:53","modified_gmt":"2025-02-24T11:14:53","slug":"caixa-paga-bolsa-familia-a-beneficiarios-com-nis-de-final-6-5","status":"publish","type":"post","link":"https:\/\/tvc16.com\/portal\/2025\/02\/24\/caixa-paga-bolsa-familia-a-beneficiarios-com-nis-de-final-6-5\/","title":{"rendered":"Caixa paga Bolsa Fam\u00edlia a benefici\u00e1rios com NIS de final 6"},"content":{"rendered":"\n<p><em>Com adicionais, valor m\u00e9dio do benef\u00edcio est\u00e1 em R$ 673,62<\/em><\/p>\n\n\n\n<p>Por Ag\u00eancia Brasil \/ Foto: Lyon Santos\/ MDS<\/p>\n\n\n\n<p><\/p>\n\n\n\n<p>A Caixa Econ\u00f4mica Federal paga segunda-feira (24) a parcela de fevereiro do novo Bolsa Fam\u00edlia aos benefici\u00e1rios com N\u00famero de Inscri\u00e7\u00e3o Social (NIS) de final 6.<img decoding=\"async\" src=\"https:\/\/agenciabrasil.ebc.com.br\/ebc.png?id=1631398&amp;o=node\"><img decoding=\"async\" src=\"https:\/\/agenciabrasil.ebc.com.br\/ebc.gif?id=1631398&amp;o=node\"><\/p>\n\n\n\n<p>O valor m\u00ednimo corresponde a R$ 600, mas com o novo adicional o valor m\u00e9dio do benef\u00edcio sobe para R$ 671,81. Segundo o Minist\u00e9rio do Desenvolvimento e Assist\u00eancia Social, neste m\u00eas o programa de transfer\u00eancia de renda do Governo Federal alcan\u00e7ar\u00e1 20,55 milh\u00f5es de fam\u00edlias, com gasto de R$ 13,81 bilh\u00f5es.<\/p>\n\n\n\n<p>Al\u00e9m do benef\u00edcio m\u00ednimo, h\u00e1 o pagamento de tr\u00eas adicionais. O Benef\u00edcio Vari\u00e1vel Familiar Nutriz paga seis parcelas de R$ 50 a m\u00e3es de beb\u00eas de at\u00e9 seis meses de idade, para garantir a alimenta\u00e7\u00e3o da crian\u00e7a. O Bolsa Fam\u00edlia tamb\u00e9m paga um acr\u00e9scimo de R$ 50 a fam\u00edlias com gestantes e filhos de 7 a 18 anos e outro, de R$ 150, a fam\u00edlias com crian\u00e7as de at\u00e9 6 anos.<\/p>\n\n\n\n<p>No modelo tradicional do Bolsa Fam\u00edlia, o pagamento ocorre nos \u00faltimos dez dias \u00fateis de cada m\u00eas. O benefici\u00e1rio poder\u00e1 consultar informa\u00e7\u00f5es sobre as datas de pagamento, o valor do benef\u00edcio e a composi\u00e7\u00e3o das parcelas no aplicativo Caixa Tem, usado para acompanhar as contas poupan\u00e7a digitais do banco.<\/p>\n\n\n\n<p>Os benefici\u00e1rios de 623 cidades receberam o pagamento na segunda (17), independentemente do NIS. A medida beneficiou moradores do Rio Grande do Sul, afetados por enchentes de abril a junho, e de mais seis estados, afetados por chuvas ou por estiagens. Al\u00e9m de todos os 497 munic\u00edpios ga\u00fachos e 62 do Amazonas, o pagamento unificado ocorreu em 16 cidades do Paran\u00e1, 14 do Sergipe, dez do Mato Grosso, nove de S\u00e3o Paulo, sete de Minas Gerais, seis da Bahia e duas do Piau\u00ed.<\/p>\n\n\n\n<p>Desde o ano passado, os benefici\u00e1rios do Bolsa Fam\u00edlia n\u00e3o t\u00eam mais o desconto do Seguro Defeso. A&nbsp;<a href=\"https:\/\/www.planalto.gov.br\/ccivil_03\/_ato2023-2026\/2023\/lei\/l14601.htm\" target=\"_blank\" rel=\"noreferrer noopener\">mudan\u00e7a foi estabelecida pela Lei 14.601\/2023<\/a>, que resgatou o Programa Bolsa Fam\u00edlia (PBF). O Seguro Defeso \u00e9 pago a pessoas que sobrevivem exclusivamente da pesca artesanal e que n\u00e3o podem exercer a atividade durante o per\u00edodo da piracema (reprodu\u00e7\u00e3o dos peixes).<\/p>\n\n\n\n<h2 class=\"wp-block-heading\">Regra de prote\u00e7\u00e3o<\/h2>\n\n\n\n<p>Cerca de 2,92 milh\u00f5es de fam\u00edlias est\u00e3o na regra de prote\u00e7\u00e3o em fevereiro. Em vigor desde junho de 2023, essa regra permite que fam\u00edlias cujos membros consigam emprego e melhorem a renda recebam 50% do benef\u00edcio a que teriam direito por at\u00e9 dois anos, desde que cada integrante receba o equivalente a at\u00e9 meio sal\u00e1rio m\u00ednimo. Para essas fam\u00edlias, o benef\u00edcio m\u00e9dio ficou em R$ 367,63.<\/p>\n\n\n\n<h2 class=\"wp-block-heading\">Cadastro<\/h2>\n\n\n\n<p>Desde julho de 2023, passa a valer a integra\u00e7\u00e3o dos dados do Bolsa Fam\u00edlia com o Cadastro Nacional de Informa\u00e7\u00f5es Sociais (CNIS). Com base no cruzamento de informa\u00e7\u00f5es, cerca de 31 mil &nbsp; fam\u00edlias foram canceladas do programa neste m\u00eas por terem renda acima das regras estabelecidas pelo Bolsa Fam\u00edlia. O CNIS conta com mais de 80 bilh\u00f5es de registros administrativos referentes a renda, v\u00ednculos de emprego formal e benef\u00edcios previdenci\u00e1rios e assistenciais pagos pelo INSS.<\/p>\n\n\n\n<p>Em compensa\u00e7\u00e3o, outras 101 mil de fam\u00edlias foram inclu\u00eddas no programa em fevereiro. A inclus\u00e3o foi poss\u00edvel por causa da pol\u00edtica de busca ativa, baseada na reestrutura\u00e7\u00e3o do Sistema \u00danico de Assist\u00eancia Social (Suas) e que se concentra nas pessoas mais vulner\u00e1veis que t\u00eam direito ao complemento de renda, mas n\u00e3o recebem o benef\u00edcio.<\/p>\n\n\n\n<figure class=\"wp-block-image\"><img decoding=\"async\" src=\"https:\/\/imagens.ebc.com.br\/X0i5H9pbEGSYButQ40qezuWXksg=\/754x0\/smart\/https:\/\/agenciabrasil.ebc.com.br\/sites\/default\/files\/thumbnails\/image\/2025\/01\/17\/calendario_bolsa_familia_2025_-_fevereiro_.png?itok=ut_LoZa7\" alt=\"Calend\u00e1rio Bolsa Fam\u00edlia - fevereiro\" title=\"Arte EBC\"\/><\/figure>\n\n\n\n<p><strong>Arte EBC<\/strong><\/p>\n\n\n\n<h2 class=\"wp-block-heading\">Aux\u00edlio G\u00e1s<\/h2>\n\n\n\n<p>O Aux\u00edlio G\u00e1s tamb\u00e9m ser\u00e1 pago nesta segunda-feira \u00e0s fam\u00edlias cadastradas no Cadastro \u00danico para Programas Sociais do Governo Federal (Cad\u00danico), com NIS final 6. O valor subiu para R$ 106 neste m\u00eas.<\/p>\n\n\n\n<p>Com dura\u00e7\u00e3o prevista at\u00e9 o fim de 2026, o programa beneficia 5,42 milh\u00f5es de fam\u00edlias. Com a aprova\u00e7\u00e3o da Emenda Constitucional da Transi\u00e7\u00e3o, no fim de 2022, o benef\u00edcio foi mantido em 100% do pre\u00e7o m\u00e9dio do botij\u00e3o de 13 kg.<\/p>\n\n\n\n<p>S\u00f3 pode receber o Aux\u00edlio G\u00e1s quem est\u00e1 inclu\u00eddo no Cad\u00danico e tenha pelo menos um membro da fam\u00edlia que receba o Benef\u00edcio de Presta\u00e7\u00e3o Continuada (BPC). A lei que criou o programa definiu que a mulher respons\u00e1vel pela fam\u00edlia ter\u00e1 prefer\u00eancia, assim como mulheres v\u00edtimas de viol\u00eancia dom\u00e9stica.<br><\/p>\n","protected":false},"excerpt":{"rendered":"<p>Com adicionais, valor m\u00e9dio do benef\u00edcio est\u00e1 em R$ 673,62 Por Ag\u00eancia Brasil \/ Foto:<\/p>\n","protected":false},"author":2,"featured_media":99636,"comment_status":"open","ping_status":"open","sticky":false,"template":"","format":"standard","meta":{"footnotes":""},"categories":[17],"tags":[],"class_list":["post-99635","post","type-post","status-publish","format-standard","has-post-thumbnail","hentry","category-outras-noticias"],"_links":{"self":[{"href":"https:\/\/tvc16.com\/portal\/wp-json\/wp\/v2\/posts\/99635","targetHints":{"allow":["GET"]}}],"collection":[{"href":"https:\/\/tvc16.com\/portal\/wp-json\/wp\/v2\/posts"}],"about":[{"href":"https:\/\/tvc16.com\/portal\/wp-json\/wp\/v2\/types\/post"}],"author":[{"embeddable":true,"href":"https:\/\/tvc16.com\/portal\/wp-json\/wp\/v2\/users\/2"}],"replies":[{"embeddable":true,"href":"https:\/\/tvc16.com\/portal\/wp-json\/wp\/v2\/comments?post=99635"}],"version-history":[{"count":1,"href":"https:\/\/tvc16.com\/portal\/wp-json\/wp\/v2\/posts\/99635\/revisions"}],"predecessor-version":[{"id":99637,"href":"https:\/\/tvc16.com\/portal\/wp-json\/wp\/v2\/posts\/99635\/revisions\/99637"}],"wp:featuredmedia":[{"embeddable":true,"href":"https:\/\/tvc16.com\/portal\/wp-json\/wp\/v2\/media\/99636"}],"wp:attachment":[{"href":"https:\/\/tvc16.com\/portal\/wp-json\/wp\/v2\/media?parent=99635"}],"wp:term":[{"taxonomy":"category","embeddable":true,"href":"https:\/\/tvc16.com\/portal\/wp-json\/wp\/v2\/categories?post=99635"},{"taxonomy":"post_tag","embeddable":true,"href":"https:\/\/tvc16.com\/portal\/wp-json\/wp\/v2\/tags?post=99635"}],"curies":[{"name":"wp","href":"https:\/\/api.w.org\/{rel}","templated":true}]}}