{"id":99641,"date":"2025-02-24T08:29:42","date_gmt":"2025-02-24T11:29:42","guid":{"rendered":"https:\/\/tvc16.com\/portal\/?p=99641"},"modified":"2025-02-24T08:29:44","modified_gmt":"2025-02-24T11:29:44","slug":"campanha-vai-estimular-vacinacao-de-adolescentes-contra-o-hpv","status":"publish","type":"post","link":"https:\/\/tvc16.com\/portal\/2025\/02\/24\/campanha-vai-estimular-vacinacao-de-adolescentes-contra-o-hpv\/","title":{"rendered":"Campanha vai estimular vacina\u00e7\u00e3o de adolescentes contra o HPV"},"content":{"rendered":"\n<p><em>Ideia \u00e9 resgatar jovens que j\u00e1 passaram da faixa et\u00e1ria de imuniza\u00e7\u00e3o<\/em><\/p>\n\n\n\n<p>Por T\u00e2mara Freire &#8211; Rep\u00f3rter da Ag\u00eancia Brasil \/ Foto: Rovena Rosa\/Ag\u00eancia Brasil<\/p>\n\n\n\n<p><\/p>\n\n\n\n<p>No Brasil h\u00e1 pelo menos 7 milh\u00f5es de adolescentes entre 15 a 19 anos que n\u00e3o est\u00e3o vacinados contra o HPV, apesar de j\u00e1 terem sa\u00eddo da faixa et\u00e1ria adequada para receber o imunizante, que \u00e9 de 9 a 14 anos. Por isso, o Minist\u00e9rio da Sa\u00fade vai realizar ao longo deste ano uma campanha de resgate, para identificar e vacinar esses adolescentes.<img decoding=\"async\" src=\"https:\/\/agenciabrasil.ebc.com.br\/ebc.png?id=1631464&amp;o=node\"><img decoding=\"async\" src=\"https:\/\/agenciabrasil.ebc.com.br\/ebc.gif?id=1631464&amp;o=node\"><\/p>\n\n\n\n<p>O HPV \u00e9 o v\u00edrus respons\u00e1vel por quase 100% dos casos de c\u00e2ncer do colo do \u00fatero, o terceiro tipo de c\u00e2ncer mais incidente entre as mulheres brasileiras. Ele tamb\u00e9m pode causar c\u00e2ncer no \u00e2nus, p\u00eanis, vagina e garganta. A vacina dispon\u00edvel atualmente no Sistema \u00danico de Sa\u00fade protege contra os quatro subtipos que mais provocam c\u00e2ncer e tamb\u00e9m verrugas e feridas nos \u00f3rg\u00e3os genitais.<\/p>\n\n\n\n<p>A vacina tem maior efic\u00e1cia se for aplicada antes do in\u00edcio da vida sexual, porque isso diminui muito as chances de uma infec\u00e7\u00e3o pr\u00e9via, j\u00e1 que a via sexual \u00e9 a principal forma de transmiss\u00e3o do HPV. Por isso, a faixa et\u00e1ria da vacina\u00e7\u00e3o de rotina vai de 9 a 14 anos.&nbsp;<\/p>\n\n\n\n<p>A consultora m\u00e9dica da Funda\u00e7\u00e3o do C\u00e2ncer Flavia Correa ressalta que \u00e9 fundamental resgatar quem n\u00e3o foi vacinado, para que o Brasil avance rumo \u00e0 meta de eliminar o c\u00e2ncer de colo do \u00fatero. Segundo ela, quando o pa\u00eds come\u00e7ou a vacina\u00e7\u00e3o contra o HPV, em 2014, houve uma cobertura excelente na primeira dose, chegando a quase 100%. J\u00e1 na segunda dose, teve uma queda muito grande, porque houve muito terrorismo contra a vacina.&nbsp;<\/p>\n\n\n\n<p>\u201cDepois disso, a gente teve a pandemia de covid-19, quando despencou a cobertura de todas as vacinas e agora a gente est\u00e1 num momento de recuperar essas coberturas vacinais. E a vacina protege contra quatro tipos de v\u00edrus. Ent\u00e3o, mesmo que a pessoa tenha tido contato com um desses tipos, pode n\u00e3o ter tido contato com os outros. Ent\u00e3o, ainda existe um benef\u00edcio&#8221;, explica a m\u00e9dica.<\/p>\n\n\n\n<h2 class=\"wp-block-heading\">Estrat\u00e9gias<\/h2>\n\n\n\n<p>Inicialmente, a a\u00e7\u00e3o \u00e9 voltada para 121 munic\u00edpios com as piores coberturas vacinais. Neles, vivem quase 3 milh\u00f5es de adolescentes de ambos os g\u00eaneros n\u00e3o vacinados contra o HPV. A meta \u00e9 que pelo menos 90% deles receba o imunizante. Quem n\u00e3o tiver certeza se tomou a vacina&nbsp;tamb\u00e9m dever\u00e1 ser imunizado por precau\u00e7\u00e3o.&nbsp;&nbsp;<\/p>\n\n\n\n<p>Para garantir a campanha de resgate, todos os estados contemplados devem solicitar doses extras da vacina contra o HPV ao Minist\u00e9rio da Sa\u00fade, que vai se encarregar da compra e distribui\u00e7\u00e3o. Em uma cartilha lan\u00e7ada essa semana com orienta\u00e7\u00f5es aos munic\u00edpios, a pasta recomenda que tamb\u00e9m seja feita a vacina\u00e7\u00e3o fora das unidades de sa\u00fade, em locais como escolas e shoppings.<\/p>\n\n\n\n<p>A cartilha destaca que a vacina\u00e7\u00e3o de rotina, para meninas e meninos de 9 a 14 anos, deve continuar normalmente. Desde abril do ano passado, o esquema vacinal \u00e9 de apenas uma dose. A vacina contra o HPV \u00e9 contraindicada apenas para gestantes e pessoas com hipersensibilidade grave ou alergia a levedura.&nbsp;&nbsp;<\/p>\n\n\n\n<p>A consultora m\u00e9dica&nbsp; Fl\u00e1via Correa lembra ainda que o imunizante \u00e9 bastante seguro: &#8220;J\u00e1 foram mais de 500 milh\u00f5es de doses aplicadas no mundo todo. Ela tem um perfil de seguran\u00e7a \u00f3timo. Os pa\u00edses que introduziram a vacina\u00e7\u00e3o h\u00e1 mais tempo j\u00e1 tiveram uma diminui\u00e7\u00e3o na preval\u00eancia de infec\u00e7\u00e3o de HPV e at\u00e9 na incid\u00eancia de c\u00e2ncer de colo do \u00fatero. Ela \u00e9 muito eficaz. Sempre que voc\u00ea tem preven\u00e7\u00e3o prim\u00e1ria, essa \u00e9 a melhor maneira de evitar as doen\u00e7as&#8221;, alerta a especialista.&nbsp;<br><\/p>\n","protected":false},"excerpt":{"rendered":"<p>Ideia \u00e9 resgatar jovens que j\u00e1 passaram da faixa et\u00e1ria de imuniza\u00e7\u00e3o Por T\u00e2mara Freire<\/p>\n","protected":false},"author":2,"featured_media":99643,"comment_status":"open","ping_status":"open","sticky":false,"template":"","format":"standard","meta":{"footnotes":""},"categories":[17],"tags":[],"class_list":["post-99641","post","type-post","status-publish","format-standard","has-post-thumbnail","hentry","category-outras-noticias"],"_links":{"self":[{"href":"https:\/\/tvc16.com\/portal\/wp-json\/wp\/v2\/posts\/99641","targetHints":{"allow":["GET"]}}],"collection":[{"href":"https:\/\/tvc16.com\/portal\/wp-json\/wp\/v2\/posts"}],"about":[{"href":"https:\/\/tvc16.com\/portal\/wp-json\/wp\/v2\/types\/post"}],"author":[{"embeddable":true,"href":"https:\/\/tvc16.com\/portal\/wp-json\/wp\/v2\/users\/2"}],"replies":[{"embeddable":true,"href":"https:\/\/tvc16.com\/portal\/wp-json\/wp\/v2\/comments?post=99641"}],"version-history":[{"count":1,"href":"https:\/\/tvc16.com\/portal\/wp-json\/wp\/v2\/posts\/99641\/revisions"}],"predecessor-version":[{"id":99644,"href":"https:\/\/tvc16.com\/portal\/wp-json\/wp\/v2\/posts\/99641\/revisions\/99644"}],"wp:featuredmedia":[{"embeddable":true,"href":"https:\/\/tvc16.com\/portal\/wp-json\/wp\/v2\/media\/99643"}],"wp:attachment":[{"href":"https:\/\/tvc16.com\/portal\/wp-json\/wp\/v2\/media?parent=99641"}],"wp:term":[{"taxonomy":"category","embeddable":true,"href":"https:\/\/tvc16.com\/portal\/wp-json\/wp\/v2\/categories?post=99641"},{"taxonomy":"post_tag","embeddable":true,"href":"https:\/\/tvc16.com\/portal\/wp-json\/wp\/v2\/tags?post=99641"}],"curies":[{"name":"wp","href":"https:\/\/api.w.org\/{rel}","templated":true}]}}