{"id":99656,"date":"2025-02-24T10:08:21","date_gmt":"2025-02-24T13:08:21","guid":{"rendered":"https:\/\/tvc16.com\/portal\/?p=99656"},"modified":"2025-02-24T10:08:23","modified_gmt":"2025-02-24T13:08:23","slug":"mae-e-filho-sao-presos-em-flagrante-com-estufa-e-laboratorio-de-drogas-em-nova-friburgo","status":"publish","type":"post","link":"https:\/\/tvc16.com\/portal\/2025\/02\/24\/mae-e-filho-sao-presos-em-flagrante-com-estufa-e-laboratorio-de-drogas-em-nova-friburgo\/","title":{"rendered":"M\u00e3e e Filho s\u00e3o presos em flagrante com estufa e laborat\u00f3rio de drogas em Nova Friburgo"},"content":{"rendered":"\n<p>Policiais civis da 151\u00aa DP (Nova Friburgo) prenderam, neste s\u00e1bado (22\/02), uma mulher e seu filho, que mantinham uma casa que funcionava como estufa e laborat\u00f3rio para a produ\u00e7\u00e3o e prepara\u00e7\u00e3o de maconha para comercializa\u00e7\u00e3o. A a\u00e7\u00e3o contou com o apoio da Pol\u00edcia Militar e foi realizada em Lumiar, Regi\u00e3o Serrana.<\/p>\n\n\n\n<p>O trabalho de intelig\u00eancia da delegacia revelou que m\u00e3e e filho eram respons\u00e1veis pela planta\u00e7\u00e3o de maconha em estufas climatizadas e pelo preparo da droga para venda. Segundo as investiga\u00e7\u00f5es, a erva era negociada a pre\u00e7os acima do mercado, devido \u00e0 alta qualidade do cultivo.<\/p>\n\n\n\n<p>Durante a a\u00e7\u00e3o, os agentes encontraram a mulher fazendo o preparo da droga. De acordo com os agentes, no local, foram localizadas diversas estufas, ilumina\u00e7\u00e3o especial e material utilizado para o embalar entorpecentes. Questionada, a mulher admitiu que realizava a atividade criminosa h\u00e1 quase um ano.<\/p>\n\n\n\n<p>O filho chegou ao im\u00f3vel pouco depois, carregando uma mochila com drogas. Ele assumiu ser o respons\u00e1vel pelo local, junto com sua m\u00e3e, afirmando que toda estrutura e investimento eram para o uso familiar.<\/p>\n\n\n\n<p>Segundo as investiga\u00e7\u00f5es, o entorpecente era vendido a pessoas classe m\u00e9dia e alta, al\u00e9m de turistas. Ambos foram presos em flagrante pelos crimes de tr\u00e1fico de drogas e associa\u00e7\u00e3o para o tr\u00e1fico.<\/p>\n","protected":false},"excerpt":{"rendered":"<p>Policiais civis da 151\u00aa DP (Nova Friburgo) prenderam, neste s\u00e1bado (22\/02), uma mulher e seu<\/p>\n","protected":false},"author":2,"featured_media":99657,"comment_status":"open","ping_status":"open","sticky":false,"template":"","format":"standard","meta":{"footnotes":""},"categories":[17],"tags":[],"class_list":["post-99656","post","type-post","status-publish","format-standard","has-post-thumbnail","hentry","category-outras-noticias"],"_links":{"self":[{"href":"https:\/\/tvc16.com\/portal\/wp-json\/wp\/v2\/posts\/99656","targetHints":{"allow":["GET"]}}],"collection":[{"href":"https:\/\/tvc16.com\/portal\/wp-json\/wp\/v2\/posts"}],"about":[{"href":"https:\/\/tvc16.com\/portal\/wp-json\/wp\/v2\/types\/post"}],"author":[{"embeddable":true,"href":"https:\/\/tvc16.com\/portal\/wp-json\/wp\/v2\/users\/2"}],"replies":[{"embeddable":true,"href":"https:\/\/tvc16.com\/portal\/wp-json\/wp\/v2\/comments?post=99656"}],"version-history":[{"count":1,"href":"https:\/\/tvc16.com\/portal\/wp-json\/wp\/v2\/posts\/99656\/revisions"}],"predecessor-version":[{"id":99658,"href":"https:\/\/tvc16.com\/portal\/wp-json\/wp\/v2\/posts\/99656\/revisions\/99658"}],"wp:featuredmedia":[{"embeddable":true,"href":"https:\/\/tvc16.com\/portal\/wp-json\/wp\/v2\/media\/99657"}],"wp:attachment":[{"href":"https:\/\/tvc16.com\/portal\/wp-json\/wp\/v2\/media?parent=99656"}],"wp:term":[{"taxonomy":"category","embeddable":true,"href":"https:\/\/tvc16.com\/portal\/wp-json\/wp\/v2\/categories?post=99656"},{"taxonomy":"post_tag","embeddable":true,"href":"https:\/\/tvc16.com\/portal\/wp-json\/wp\/v2\/tags?post=99656"}],"curies":[{"name":"wp","href":"https:\/\/api.w.org\/{rel}","templated":true}]}}